{"id":111644,"date":"2021-02-19T17:18:07","date_gmt":"2021-02-19T22:18:07","guid":{"rendered":"https:\/\/linitiative.ca\/International\/installation-dune-commission-pour-materialiser-la-frontiere-cote-divoire-burkina\/"},"modified":"2021-02-19T17:18:07","modified_gmt":"2021-02-19T22:18:07","slug":"installation-dune-commission-pour-materialiser-la-frontiere-cote-divoire-burkina","status":"publish","type":"post","link":"https:\/\/linitiative.ca\/International\/installation-dune-commission-pour-materialiser-la-frontiere-cote-divoire-burkina\/","title":{"rendered":"Installation d\u2019une Commission pour mat\u00e9rialiser la fronti\u00e8re C\u00f4te d\u2019Ivoire-Burkina"},"content":{"rendered":"<div readability=\"32\">\n<p>Publi\u00e9 le 19.02.2021 \u00e0 23h18 par APA News<\/p>\n<\/div>\n<div readability=\"85\">\n<p>La Commission nationale des fronti\u00e8res de la C\u00f4te d\u2019Ivoire ( CNFCI) et celle du Burkina Faso ont proc\u00e9d\u00e9 vendredi \u00e0 Abidjan, \u00e0 l\u2019installation officielle de la Commission mixte paritaire de mat\u00e9rialisation de la fronti\u00e8re Ivoiro-Burkinab\u00e8 compos\u00e9e de vingt personnes, soit 10 pour chacun des deux pays, a constat\u00e9 APA sur place dans la capitale \u00e9conomique ivoirienne.\u00a0<\/p>\n<p>Le G\u00e9n\u00e9ral Vagondo Diomand\u00e9, le ministre ivoirien de la s\u00e9curit\u00e9 et de la protection civile qui a co-pr\u00e9sid\u00e9 cette c\u00e9r\u00e9monie avec son homologue Burkinab\u00e8, a soutenu que le but de la mat\u00e9rialisation, est de faire des fronti\u00e8res \u00a0\u00ab non pas des barri\u00e8res, mais une passerelle pour une meilleure int\u00e9gration sous-r\u00e9gionale \u00bb.<\/p>\n<p>Selon le G\u00e9n\u00e9ral Vagondo qui repr\u00e9sentait le premier ministre ivoirien Hamed Bakayoko, la mat\u00e9rialisation de la fronti\u00e8re C\u00f4te d\u2019Ivoire-Burkina Faso permettra d\u2019apporter des \u00a0\u00ab r\u00e9ponses d\u00e9finitives \u00a0\u00bb aux diff\u00e9rends frontaliers entre les deux pays.<\/p>\n<p>Pour ce faire, il a exhort\u00e9 les membres de cette nouvelle commission mixte paritaire \u00e0 \u0153uvrer pour le trac\u00e9 d\u00e9finitif de la fronti\u00e8re entre les deux pays. Avant lui, Cl\u00e9ment Sawadogo, le ministre Burkinab\u00e8 de l\u2019administration territoriale, a estim\u00e9 que \u00a0\u00ab la fronti\u00e8re peut \u00eatre une source de tension et de conflit si elle n\u2019est pas d\u00e9finie et accept\u00e9e de tous \u00a0\u00bb.<\/p>\n<p>De son avis, cette mat\u00e9rialisation de la fronti\u00e8re Ivoiro-Burkinab\u00e8 permettra de renforcer la cohabitation pacifique entre les populations et de cr\u00e9er une meilleure planification des zones frontali\u00e8res par les \u00c9tats.<\/p>\n<p>Auparavant dans une communication sur le th\u00e8me : \u00a0\u00abD\u00e9limitation des fronti\u00e8res, enjeux et perspectives \u00a0\u00bb, Pr Ousmane Zina de l\u2019universit\u00e9 Alassane Ouattara de Bouak\u00e9 ( Centre ivoirien), a soutenu que la fronti\u00e8re constitue un facteur de paix entre les \u00c9tats.\u00a0<\/p>\n<p>\u00ab Il faut consid\u00e9rer les fronti\u00e8res comme des lieux de paix. Il faut les consid\u00e9rer comme le d\u00e9but de l\u2019Etat et non la fin\u00bb, a indiqu\u00e9 Pr Zina.<\/p>\n<p>Le 30 juillet 2014 \u00e0 Ouagadougou, la C\u00f4te d\u2019Ivoire et le Burkina Faso ont sign\u00e9 un protocole d\u2019accord instituant une commission mixte paritaire de mat\u00e9rialisation de la fronti\u00e8re Burkina-C\u00f4te d\u2019Ivoire. Compos\u00e9e de 10 membres par pays, cette commission qui a \u00e9t\u00e9 officiellement install\u00e9e ce jour, est charg\u00e9e de conduire \u00e0 terme le processus de mat\u00e9rialisation de la fronti\u00e8re pour le compte des deux \u00c9tats.<\/p>\n<\/div>\n<p>Auteur: APA News<br \/>\n<a href=\"https:\/\/www.journalducameroun.com\/installation-dune-commission-pour-materialiser-la-frontiere-cote-divoire-burkina\/\">Cliquez ici pour lire l&rsquo;article depuis sa source.<\/a><\/p>\n","protected":false},"excerpt":{"rendered":"<p>Publi\u00e9 le 19.02.2021 \u00e0 23h18 par APA News La Commission nationale des fronti\u00e8res de la C\u00f4te d\u2019Ivoire ( CNFCI) et celle du Burkina Faso ont proc\u00e9d\u00e9 vendredi \u00e0 Abidjan, \u00e0 l\u2019installation officielle de la Commission mixte paritaire de mat\u00e9rialisation de la fronti\u00e8re Ivoiro-Burkinab\u00e8 compos\u00e9e de vingt personnes, soit 10 pour chacun des deux pays, a [&hellip;]<\/p>\n","protected":false},"author":1965,"featured_media":0,"comment_status":"closed","ping_status":"closed","sticky":false,"template":"","format":"standard","meta":{"fifu_image_url":"","fifu_image_alt":"","footnotes":""},"categories":[73,82],"tags":[],"class_list":["post-111644","post","type-post","status-publish","format-standard","hentry","category-actualite","category-cameroun"],"_links":{"self":[{"href":"https:\/\/linitiative.ca\/International\/wp-json\/wp\/v2\/posts\/111644","targetHints":{"allow":["GET"]}}],"collection":[{"href":"https:\/\/linitiative.ca\/International\/wp-json\/wp\/v2\/posts"}],"about":[{"href":"https:\/\/linitiative.ca\/International\/wp-json\/wp\/v2\/types\/post"}],"author":[{"embeddable":true,"href":"https:\/\/linitiative.ca\/International\/wp-json\/wp\/v2\/users\/1965"}],"replies":[{"embeddable":true,"href":"https:\/\/linitiative.ca\/International\/wp-json\/wp\/v2\/comments?post=111644"}],"version-history":[{"count":0,"href":"https:\/\/linitiative.ca\/International\/wp-json\/wp\/v2\/posts\/111644\/revisions"}],"wp:attachment":[{"href":"https:\/\/linitiative.ca\/International\/wp-json\/wp\/v2\/media?parent=111644"}],"wp:term":[{"taxonomy":"category","embeddable":true,"href":"https:\/\/linitiative.ca\/International\/wp-json\/wp\/v2\/categories?post=111644"},{"taxonomy":"post_tag","embeddable":true,"href":"https:\/\/linitiative.ca\/International\/wp-json\/wp\/v2\/tags?post=111644"}],"curies":[{"name":"wp","href":"https:\/\/api.w.org\/{rel}","templated":true}]}}