{"id":111645,"date":"2021-02-19T11:56:25","date_gmt":"2021-02-19T16:56:25","guid":{"rendered":"https:\/\/linitiative.ca\/International\/le-japon-accorde-15-milliard-de-f-pour-la-reconstruction-des-regions-anglophones\/"},"modified":"2021-02-19T11:56:25","modified_gmt":"2021-02-19T16:56:25","slug":"le-japon-accorde-15-milliard-de-f-pour-la-reconstruction-des-regions-anglophones","status":"publish","type":"post","link":"https:\/\/linitiative.ca\/International\/le-japon-accorde-15-milliard-de-f-pour-la-reconstruction-des-regions-anglophones\/","title":{"rendered":"Le Japon accorde 1,5 milliard de F pour la reconstruction des r\u00e9gions anglophones"},"content":{"rendered":"<p>Apr\u00e8s le Programme des Nations-Unies pour le d\u00e9veloppement (Pnud), c\u2019est au tour de l\u2019Etat du Japon d\u2019apporter sa pierre\u00a0\u00e0 l\u2019\u00e9difice de\u00a0reconstruction des zones du Nord-Ouest et du Sud-Ouest \u00e0 travers le plan en \u0153uvre du Plan Pr\u00e9sidentiel pour la Reconstruction et le D\u00e9veloppement du Nord et du Sud-ouest (Pprd). Les locaux de la primature ont servi de cadre, \u00e0 \u00a0la signature de l\u2019accord de financement entre le ministre de l\u2019Economie, de la Planification et de l\u2019Am\u00e9nagement du Territoire (Minepat) Alamine Ousmane Mey et l\u2019Ambassadeur du Japon au Cameroun Tsutomo Osawa,\u00a0 en pr\u00e9sence du Repr\u00e9sentant R\u00e9sident du Pnud au Cameroun Jean Luc Stalon.\u00a0Le financement en question s\u2019\u00e9l\u00e8ve donc \u00e0 1,5 milliard de FCFA.<\/p>\n<p><strong>Lire aussi<\/strong> : <a href=\"https:\/\/ecomatin.net\/reconstruction-du-noso-le-manuel-de-procedure-valide\/\">Reconstruction du NOSO : le manuel de proc\u00e9dure valid\u00e9<\/a><\/p>\n<p>\u00ab\u00a0Le gouvernement du Japon a d\u00e9cid\u00e9 de financer le projet du Plan Pr\u00e9sidentiel pour la Reconstruction et le D\u00e9veloppement du Nord et du Sud-ouest (Pprd), pour r\u00e9habilit\u00e9 les points d\u2019eau, les centres de sant\u00e9 dans la r\u00e9gion du Sud-Ouest. Nous allons continuer \u00e0 contribuer dans la reconstruction et le d\u00e9veloppement de ces zones\u00a0\u00bb, fait savoir l\u2019Ambassadeur, du Japon Tsutomo Osawa. Un choix strat\u00e9gique a alors \u00e9t\u00e9 pris en direction de la r\u00e9gion du Sud-Ouest, plus pr\u00e9cis\u00e9ment dans le d\u00e9partement du Fako. \u00ab Le Fako \u00e9videment, parce que c\u2019est un vaste d\u00e9partement, et sur le plan des besoins, nous avons pens\u00e9 que \u00e7a serai une bonne opportunit\u00e9 de commencer par l\u00e0. \u00c7a ne veut pas dire qu\u2019on va s\u2019arr\u00eater l\u00e0\u00bb, expliquait Jean Luc Stalon. Le d\u00e9partement b\u00e9n\u00e9ficiera donc de la r\u00e9habilitation des infrastructures sanitaires et hydrauliques.<\/p>\n<p>Pour le ministre Alamine Ousmane Mey \u00ab\u00a0il est important de dire que cette dynamique \u00a0qui est port\u00e9 par l\u2019action gouvernementale Japonaise, b\u00e9n\u00e9ficie\u00a0aussi du soutient d\u2019autres pays partenaires, qui\u00a0 certainement \u00e0 travers cette action du Japon vont aussi acc\u00e9l\u00e9rer le processus, pour que les populations affect\u00e9es dans ces r\u00e9gions puissent ressentir un bien \u00eatre, puissent ressentir de meilleurs conditions, puissent \u00a0\u00e9galement \u00eatre partie prenante \u00e0 notre processus de d\u00e9veloppement\u00a0\u00bb, faisait-il savoir.<\/p>\n<p><strong>Lire aussi<\/strong> : <a href=\"https:\/\/ecomatin.net\/zones-economiquement-sinistrees-les-investisseurs-peu-enthousiastes-un-an-apres\/\">Zones \u00e9conomiquement sinistr\u00e9es : les investisseurs peu enthousiastes un an apr\u00e8s<\/a><\/p>\n<p>Le plan de reconstruction des r\u00e9gions du Nord et du Sud-Ouest, figure parmi les projets prioritaires de l\u2019action gouvernementale, contenus dans la Strat\u00e9gie Nationale de D\u00e9veloppement 2020-2030 (SND30).\u00a0 A\u00a0l\u2019issue de la c\u00e9r\u00e9monie, le Minepat, \u00e0 exhorter le Pnud, partenaire d\u2019ex\u00e9cution du gouvernement dans ce projet, \u00e0 capitaliser les ressources mises \u00e0 disposition, afin que dans les prochaines \u00e9ch\u00e9ances, les populations commence \u00e0 ressentir au quotidien, les effets positifs du Pprd.<\/p>\n<p><strong>Un vaste chantier de reconstruction<\/strong><\/p>\n<p>Pour rappel, un accord de financement du Gouvernement destin\u00e9 au d\u00e9marrage de la mise en \u0153uvre du Pprd, avait \u00e9t\u00e9 sign\u00e9 le 05 mai 2020 par le ministre de l\u2019Economie, de la Planification et de l\u2019Am\u00e9nagement du Territoire Alamine Ousmane Mey et le Repr\u00e9sentant R\u00e9sident du Pnud au Cameroun, Jean Luc STALON. Ledit financement d\u2019un montant de 8,9 milliards de FCFA, soit 10% du budget global, repr\u00e9sentait la contribution\u00a0 \u00a0initiale\u00a0 \u00a0du\u00a0 \u00a0Gouvernement\u00a0 \u00a0camerounais\u00a0 \u00a0\u00e0\u00a0 \u00a0la\u00a0 \u00a0mise\u00a0 \u00a0en\u00a0 \u00a0\u0153uvre\u00a0 \u00a0du Plan Pr\u00e9sidentiel pour la Reconstruction et le D\u00e9veloppement, de ces r\u00e9gions. Le Pprd, dont le co\u00fbt global s\u2019\u00e9l\u00e8ve \u00e0 89, 682 milliards de FCFA, vise \u00e0 r\u00e9duire les effets de la crise sur les populations et l\u2019\u00e9conomie des deux r\u00e9gions. Il est ax\u00e9 sur trois pilier; la restauration de la coh\u00e9sion sociale, la reconstruction et la r\u00e9habilitation des infrastructures de base et la redynamisation de l\u2019\u00e9conomie locale.<\/p>\n<p><strong>Lire aussi<\/strong> : <a href=\"https:\/\/ecomatin.net\/education-le-japon-accorde-53-millions-de-f-pour-la-construction-dune-ecole-a-tiko\/\">Education : le Japon accorde 53 millions de F pour la construction d\u2019une \u00e9cole \u00e0 Tiko<\/a><\/p>\n<p>Auteur: Amina MALLOUM<br \/>\n<a href=\"https:\/\/ecomatin.net\/le-japon-accorde-15-milliard-de-f-pour-la-reconstruction-des-regions-anglophones\/\">Cliquez ici pour lire l&rsquo;article depuis sa source.<\/a><\/p>\n","protected":false},"excerpt":{"rendered":"<p>Apr\u00e8s le Programme des Nations-Unies pour le d\u00e9veloppement (Pnud), c\u2019est au tour de l\u2019Etat du Japon d\u2019apporter sa pierre\u00a0\u00e0 l\u2019\u00e9difice de\u00a0reconstruction des zones du Nord-Ouest et du Sud-Ouest \u00e0 travers le plan en \u0153uvre du Plan Pr\u00e9sidentiel pour la Reconstruction et le D\u00e9veloppement du Nord et du Sud-ouest (Pprd). Les locaux de la primature ont [&hellip;]<\/p>\n","protected":false},"author":1969,"featured_media":0,"comment_status":"closed","ping_status":"closed","sticky":false,"template":"","format":"standard","meta":{"fifu_image_url":"","fifu_image_alt":"","footnotes":""},"categories":[82,78],"tags":[],"class_list":["post-111645","post","type-post","status-publish","format-standard","hentry","category-cameroun","category-economie"],"_links":{"self":[{"href":"https:\/\/linitiative.ca\/International\/wp-json\/wp\/v2\/posts\/111645","targetHints":{"allow":["GET"]}}],"collection":[{"href":"https:\/\/linitiative.ca\/International\/wp-json\/wp\/v2\/posts"}],"about":[{"href":"https:\/\/linitiative.ca\/International\/wp-json\/wp\/v2\/types\/post"}],"author":[{"embeddable":true,"href":"https:\/\/linitiative.ca\/International\/wp-json\/wp\/v2\/users\/1969"}],"replies":[{"embeddable":true,"href":"https:\/\/linitiative.ca\/International\/wp-json\/wp\/v2\/comments?post=111645"}],"version-history":[{"count":0,"href":"https:\/\/linitiative.ca\/International\/wp-json\/wp\/v2\/posts\/111645\/revisions"}],"wp:attachment":[{"href":"https:\/\/linitiative.ca\/International\/wp-json\/wp\/v2\/media?parent=111645"}],"wp:term":[{"taxonomy":"category","embeddable":true,"href":"https:\/\/linitiative.ca\/International\/wp-json\/wp\/v2\/categories?post=111645"},{"taxonomy":"post_tag","embeddable":true,"href":"https:\/\/linitiative.ca\/International\/wp-json\/wp\/v2\/tags?post=111645"}],"curies":[{"name":"wp","href":"https:\/\/api.w.org\/{rel}","templated":true}]}}