{"id":111649,"date":"2021-02-19T14:02:15","date_gmt":"2021-02-19T19:02:15","guid":{"rendered":"https:\/\/linitiative.ca\/International\/zone-de-libre-echange-la-cemac-bientot-prete-pour-le-commerce-des-services\/"},"modified":"2021-02-19T14:02:15","modified_gmt":"2021-02-19T19:02:15","slug":"zone-de-libre-echange-la-cemac-bientot-prete-pour-le-commerce-des-services","status":"publish","type":"post","link":"https:\/\/linitiative.ca\/International\/zone-de-libre-echange-la-cemac-bientot-prete-pour-le-commerce-des-services\/","title":{"rendered":"Zone de libre-\u00e9change: la Cemac bient\u00f4t pr\u00eate pour le commerce des services"},"content":{"rendered":"<p>Avant le 31 juillet 2021, les ministres de l\u2019Union \u00e9conomique d\u2019Afrique centrale (Ueac), devront valider les textes r\u00e9gissant le commerces des services en zone Cemac. Ceci dans l\u2019optique d\u2019\u00eatre \u00ab\u00a0en coh\u00e9rence avec les engagements pris au niveau de la Zone de libre-\u00e9change continentale\u00a0\u00bb, a affirm\u00e9 Luc Magloire Mbarga Atangana pr\u00e9sident de la s\u00e9ance, au sortir de la rencontre r\u00e9gionale de validation des textes communautaires sur le commerce des services. Rencontre qui a r\u00e9uni les ministres du Commerce par visioconf\u00e9rence, le 16 f\u00e9vrier 2021 et qui avait pour objectif de valider les projets de textes r\u00e9glementant le commerce des services, avant leur transmission \u00e0 la prochaine session du Conseil des ministres de l\u2019Ueac.<\/p>\n<p><strong>Lire aussi<\/strong> : <a href=\"https:\/\/ecomatin.net\/zone-de-libre-echange-continentale-les-enjeux-pour-le-cameroun\/\">Zone de libre-\u00e9change continentale : les enjeux pour le Cameroun<\/a><\/p>\n<p>La position de Luc Magloire Mbarga Atangana rejoint ainsi celle du pr\u00e9sident de la Commission de la Cemac, le Pr Daniel Ona Ondo, qui participait aussi aux travaux. Il a indiqu\u00e9 que \u00ab\u00a0la consolidation de notre march\u00e9 commun des services est une \u00e9tape capitale pour la comp\u00e9titivit\u00e9 des prestataires de services op\u00e9rant dans nos Etats membres\u00a0\u00bb. Par ailleurs, il a convi\u00e9 les ministres \u00e0 valider les contributions techniques faites par les experts afin de doter les pays de la sous-r\u00e9gion des avantages comparatifs permettant aux entreprises lab\u00e9lis\u00e9es Cemac d\u2019\u00eatre suffisamment comp\u00e9titives et de tirer profit de la Zlecaf.<\/p>\n<p>La rencontre qui s\u2019est tenue ce 16 f\u00e9vrier, intervenait\u00a0\u00a0apr\u00e8s celles des experts qui s\u2019est tenue du 11 au 13 novembre 2020, pour l\u2019\u00e9laboration des textes \u00e0 examiner. Au total 10 projets de textes communautaires qui ont \u00e9t\u00e9 soumis \u00e0 l\u2019appr\u00e9ciation des ministres pour validation. Couvrant neuf secteurs identifi\u00e9s comme essentiels au d\u00e9veloppement de la sous-r\u00e9gion tels que\u00a0: les services de communication\u00a0; les services fournis aux entreprises\u00a0; les services d\u2019\u00e9ducation\u00a0; les services financiers\u00a0; les services relatifs au tourisme et voyage\u00a0; services r\u00e9cr\u00e9atifs, culturels et sportifs\u00a0; les services de transport\u00a0; les services de sant\u00e9 et les services sociaux.<\/p>\n<p><strong>Lire aussi<\/strong> : <a href=\"https:\/\/ecomatin.net\/commerce-regional-la-zone-de-libre-echange-continentale-entre-en-vigueur\/\">Commerce r\u00e9gional: la Zone de libre-\u00e9change continentale entre en vigueur<\/a><\/p>\n<p>Il faut noter que le commerce des services repr\u00e9sentait en 2017 et 2018, plus d\u2019un tiers du commerce global de la Cemac et contribue, le plus, \u00e0 la cr\u00e9ation d\u2019emplois formels et informels. Dans la cadre de la Zlecaf, entr\u00e9e en vigueur le 1<sup>er<\/sup>\u00a0janvier de cette ann\u00e9e, seul le commerce des marchandises est d\u00e9j\u00e0 effectif. Il reste encore la finalisation des questions li\u00e9es au commerce des services, \u00e0 la libre circulation et la propri\u00e9t\u00e9 intellectuelle.<\/p>\n<p>Auteur: Cindy MBALA<br \/>\n<a href=\"https:\/\/ecomatin.net\/zone-de-libre-echange-la-cemac-bientot-prete-pour-le-commerce-des-services\/\">Cliquez ici pour lire l&rsquo;article depuis sa source.<\/a><\/p>\n","protected":false},"excerpt":{"rendered":"<p>Avant le 31 juillet 2021, les ministres de l\u2019Union \u00e9conomique d\u2019Afrique centrale (Ueac), devront valider les textes r\u00e9gissant le commerces des services en zone Cemac. Ceci dans l\u2019optique d\u2019\u00eatre \u00ab\u00a0en coh\u00e9rence avec les engagements pris au niveau de la Zone de libre-\u00e9change continentale\u00a0\u00bb, a affirm\u00e9 Luc Magloire Mbarga Atangana pr\u00e9sident de la s\u00e9ance, au sortir [&hellip;]<\/p>\n","protected":false},"author":1969,"featured_media":0,"comment_status":"closed","ping_status":"closed","sticky":false,"template":"","format":"standard","meta":{"fifu_image_url":"","fifu_image_alt":"","footnotes":""},"categories":[82,78],"tags":[],"class_list":["post-111649","post","type-post","status-publish","format-standard","hentry","category-cameroun","category-economie"],"_links":{"self":[{"href":"https:\/\/linitiative.ca\/International\/wp-json\/wp\/v2\/posts\/111649","targetHints":{"allow":["GET"]}}],"collection":[{"href":"https:\/\/linitiative.ca\/International\/wp-json\/wp\/v2\/posts"}],"about":[{"href":"https:\/\/linitiative.ca\/International\/wp-json\/wp\/v2\/types\/post"}],"author":[{"embeddable":true,"href":"https:\/\/linitiative.ca\/International\/wp-json\/wp\/v2\/users\/1969"}],"replies":[{"embeddable":true,"href":"https:\/\/linitiative.ca\/International\/wp-json\/wp\/v2\/comments?post=111649"}],"version-history":[{"count":0,"href":"https:\/\/linitiative.ca\/International\/wp-json\/wp\/v2\/posts\/111649\/revisions"}],"wp:attachment":[{"href":"https:\/\/linitiative.ca\/International\/wp-json\/wp\/v2\/media?parent=111649"}],"wp:term":[{"taxonomy":"category","embeddable":true,"href":"https:\/\/linitiative.ca\/International\/wp-json\/wp\/v2\/categories?post=111649"},{"taxonomy":"post_tag","embeddable":true,"href":"https:\/\/linitiative.ca\/International\/wp-json\/wp\/v2\/tags?post=111649"}],"curies":[{"name":"wp","href":"https:\/\/api.w.org\/{rel}","templated":true}]}}