{"id":111651,"date":"2021-02-20T06:20:18","date_gmt":"2021-02-20T11:20:18","guid":{"rendered":"https:\/\/linitiative.ca\/International\/casablanca-elle-tue-sa-fille-dans-un-acces-de-colere\/"},"modified":"2021-02-20T06:20:18","modified_gmt":"2021-02-20T11:20:18","slug":"casablanca-elle-tue-sa-fille-dans-un-acces-de-colere","status":"publish","type":"post","link":"https:\/\/linitiative.ca\/International\/casablanca-elle-tue-sa-fille-dans-un-acces-de-colere\/","title":{"rendered":"Casablanca : Elle tue sa fille dans un acc\u00e8s de col\u00e8re"},"content":{"rendered":"<header>\n<\/header>\n<div class=\"entry-content clearfix\" readability=\"49\">\n<figure class=\"post-thumbnail\" itemprop=\"associatedMedia\" itemscope=\"itemscope\" itemtype=\"http:\/\/schema.org\/ImageObject\"><img decoding=\"async\" class=\"post_layout_5_img\" src=\"http:\/\/aujourdhui.ma\/wp-content\/uploads\/2020\/10\/police-crime.jpg\" alt=\"Casablanca : Elle tue sa fille dans un acc\u00e8s de col\u00e8re\"\/><\/figure>\n<p><span class=\"c5\"><strong>Aux carri\u00e8res Carlotti relevant de la pr\u00e9fecture des arrondissements Mers Sultan- El Fida, \u00e0 Casablanca, une m\u00e8re de trois enfants a mis fin accidentellement, lundi soir, \u00e0 la vie de sa fille \u00e2g\u00e9e de seize ans.<\/strong><\/span><span id=\"more-368830\"\/><\/p>\n<p>Cette vendeuse de cigarettes au d\u00e9tail, divorc\u00e9e, ayant trois enfants \u2013 deux gar\u00e7ons et une fille- \u00e0 charge, a \u00e9t\u00e9 arr\u00eat\u00e9e et maintenue en garde \u00e0 vue. Ne supportant plus la m\u00e9disance provenant des mauvaises langues qui portaient atteinte \u00e0 l\u2019honneur de sa petite famille, cette m\u00e8re a tent\u00e9 d\u2019interdire \u00e0 sa fille de sortir le soir. Mais, elle s\u2019est heurt\u00e9e \u00e0 une adolescente opini\u00e2tre qui refusait d\u2019\u00eatre enferm\u00e9e. D\u2019aucuns disent que la m\u00e8re aurait \u00e9touff\u00e9 sa fille. D\u2019autres assurent qu\u2019elle l\u2019a pouss\u00e9e violemment pour qu\u2019elle tombe et se cogne la t\u00eate contre le sol. Elle aurait rendu l\u2019\u00e2me suite \u00e0 une h\u00e9morragie c\u00e9r\u00e9brale. Le r\u00e9sultat reste le m\u00eame, \u00e0 savoir qu\u2019un infanticide a \u00e9t\u00e9 commis. Le cadavre a \u00e9t\u00e9 \u00e9vacu\u00e9 vers la morgue afin d\u2019\u00eatre autopsi\u00e9 et d\u00e9terminer la cause de la mort\u2026<\/p>\n<\/div>\n<p>Auteur: Abderrafii ALOUMLIKI<br \/>\n<a href=\"https:\/\/aujourdhui.ma\/faits-divers\/casablanca-elle-tue-sa-fille-dans-un-acces-de-colere\">Cliquez ici pour lire l&rsquo;article depuis sa source.<\/a><\/p>\n","protected":false},"excerpt":{"rendered":"<p>Aux carri\u00e8res Carlotti relevant de la pr\u00e9fecture des arrondissements Mers Sultan- El Fida, \u00e0 Casablanca, une m\u00e8re de trois enfants a mis fin accidentellement, lundi soir, \u00e0 la vie de sa fille \u00e2g\u00e9e de seize ans. Cette vendeuse de cigarettes au d\u00e9tail, divorc\u00e9e, ayant trois enfants \u2013 deux gar\u00e7ons et une fille- \u00e0 charge, a [&hellip;]<\/p>\n","protected":false},"author":1759,"featured_media":0,"comment_status":"closed","ping_status":"closed","sticky":false,"template":"","format":"standard","meta":{"fifu_image_url":"http:\/\/aujourdhui.ma\/wp-content\/uploads\/2020\/10\/police-crime.jpg","fifu_image_alt":"Casablanca : Elle tue sa fille dans un acc\u00e8s de col\u00e8re","footnotes":""},"categories":[73,54],"tags":[],"class_list":["post-111651","post","type-post","status-publish","format-standard","hentry","category-actualite","category-maroc"],"_links":{"self":[{"href":"https:\/\/linitiative.ca\/International\/wp-json\/wp\/v2\/posts\/111651","targetHints":{"allow":["GET"]}}],"collection":[{"href":"https:\/\/linitiative.ca\/International\/wp-json\/wp\/v2\/posts"}],"about":[{"href":"https:\/\/linitiative.ca\/International\/wp-json\/wp\/v2\/types\/post"}],"author":[{"embeddable":true,"href":"https:\/\/linitiative.ca\/International\/wp-json\/wp\/v2\/users\/1759"}],"replies":[{"embeddable":true,"href":"https:\/\/linitiative.ca\/International\/wp-json\/wp\/v2\/comments?post=111651"}],"version-history":[{"count":0,"href":"https:\/\/linitiative.ca\/International\/wp-json\/wp\/v2\/posts\/111651\/revisions"}],"wp:attachment":[{"href":"https:\/\/linitiative.ca\/International\/wp-json\/wp\/v2\/media?parent=111651"}],"wp:term":[{"taxonomy":"category","embeddable":true,"href":"https:\/\/linitiative.ca\/International\/wp-json\/wp\/v2\/categories?post=111651"},{"taxonomy":"post_tag","embeddable":true,"href":"https:\/\/linitiative.ca\/International\/wp-json\/wp\/v2\/tags?post=111651"}],"curies":[{"name":"wp","href":"https:\/\/api.w.org\/{rel}","templated":true}]}}