{"id":111652,"date":"2021-02-20T08:14:45","date_gmt":"2021-02-20T13:14:45","guid":{"rendered":"https:\/\/linitiative.ca\/International\/fes-15-ans-de-reclusion-criminelle-pour-avoir-tue-son-compagnon-de-cellule\/"},"modified":"2021-02-20T08:14:45","modified_gmt":"2021-02-20T13:14:45","slug":"fes-15-ans-de-reclusion-criminelle-pour-avoir-tue-son-compagnon-de-cellule","status":"publish","type":"post","link":"https:\/\/linitiative.ca\/International\/fes-15-ans-de-reclusion-criminelle-pour-avoir-tue-son-compagnon-de-cellule\/","title":{"rendered":"F\u00e8s : 15 ans de r\u00e9clusion criminelle pour avoir tu\u00e9 son compagnon de cellule"},"content":{"rendered":"<header>\n<\/header>\n<div class=\"entry-content clearfix\" readability=\"49\">\n<figure class=\"post-thumbnail\" itemprop=\"associatedMedia\" itemscope=\"itemscope\" itemtype=\"http:\/\/schema.org\/ImageObject\"><img decoding=\"async\" class=\"post_layout_5_img\" src=\"http:\/\/aujourdhui.ma\/wp-content\/uploads\/2017\/09\/arrestation-crime-malfrat.jpg\" alt=\"F\u00e8s : 15 ans de r\u00e9clusion criminelle pour avoir tu\u00e9 son compagnon de cellule\"\/><\/figure>\n<p><span class=\"c5\"><strong>Pour avoir tu\u00e9 un pensionnaire de la prison Bourkaiz, \u00e0 F\u00e8s, un d\u00e9tenu qui purgeait une peine d\u2019emprisonnement a \u00e9t\u00e9 condamn\u00e9, derni\u00e8rement, par la chambre criminelle pr\u00e8s la Cour d\u2019appel de F\u00e8s \u00e0 quinze ans de r\u00e9clusion criminelle.<\/strong><\/span><span id=\"more-368827\"\/><\/p>\n<p>L\u2019affaire remonte au mois de septembre 2020 quand une dispute a \u00e9clat\u00e9 entre les deux d\u00e9tenus incarc\u00e9r\u00e9s dans la m\u00eame cellule, \u00e0 l\u2019\u00e9tablissement p\u00e9nitentiaire Bourkaiz, \u00e0 propos d\u2019un cendrier en plastique. Les deux prisonniers en sont venus aux mains. L\u2019un d\u2019eux, gardien de voitures qui purgeait une peine d\u2019emprisonnement pour son implication dans une affaire d\u2019\u00e9change de coups et blessures, est tomb\u00e9 par terre puis s\u2019est \u00e9vanoui. Les fonctionnaires de l\u2019\u00e9tablissement sont intervenus pour transf\u00e9rer la victime d\u2019abord \u00e0 l\u2019infirmerie de la prison, puis \u00e0 l\u2019h\u00f4pital Hassan II \u00e0 F\u00e8s afin d\u2019\u00eatre soign\u00e9. Malheureusement, il a succomb\u00e9 \u00e0 ses blessures.<\/p>\n<\/div>\n<p>Auteur: Abderrafii ALOUMLIKI<br \/>\n<a href=\"https:\/\/aujourdhui.ma\/faits-divers\/fes-15-ans-de-reclusion-criminelle-pour-avoir-tue-son-compagnon-de-cellule\">Cliquez ici pour lire l&rsquo;article depuis sa source.<\/a><\/p>\n","protected":false},"excerpt":{"rendered":"<p>Pour avoir tu\u00e9 un pensionnaire de la prison Bourkaiz, \u00e0 F\u00e8s, un d\u00e9tenu qui purgeait une peine d\u2019emprisonnement a \u00e9t\u00e9 condamn\u00e9, derni\u00e8rement, par la chambre criminelle pr\u00e8s la Cour d\u2019appel de F\u00e8s \u00e0 quinze ans de r\u00e9clusion criminelle. L\u2019affaire remonte au mois de septembre 2020 quand une dispute a \u00e9clat\u00e9 entre les deux d\u00e9tenus incarc\u00e9r\u00e9s [&hellip;]<\/p>\n","protected":false},"author":1759,"featured_media":0,"comment_status":"closed","ping_status":"closed","sticky":false,"template":"","format":"standard","meta":{"fifu_image_url":"http:\/\/aujourdhui.ma\/wp-content\/uploads\/2017\/09\/arrestation-crime-malfrat.jpg","fifu_image_alt":"F\u00e8s : 15 ans de r\u00e9clusion criminelle pour avoir tu\u00e9 son compagnon de cellule","footnotes":""},"categories":[73,54],"tags":[],"class_list":["post-111652","post","type-post","status-publish","format-standard","hentry","category-actualite","category-maroc"],"_links":{"self":[{"href":"https:\/\/linitiative.ca\/International\/wp-json\/wp\/v2\/posts\/111652","targetHints":{"allow":["GET"]}}],"collection":[{"href":"https:\/\/linitiative.ca\/International\/wp-json\/wp\/v2\/posts"}],"about":[{"href":"https:\/\/linitiative.ca\/International\/wp-json\/wp\/v2\/types\/post"}],"author":[{"embeddable":true,"href":"https:\/\/linitiative.ca\/International\/wp-json\/wp\/v2\/users\/1759"}],"replies":[{"embeddable":true,"href":"https:\/\/linitiative.ca\/International\/wp-json\/wp\/v2\/comments?post=111652"}],"version-history":[{"count":0,"href":"https:\/\/linitiative.ca\/International\/wp-json\/wp\/v2\/posts\/111652\/revisions"}],"wp:attachment":[{"href":"https:\/\/linitiative.ca\/International\/wp-json\/wp\/v2\/media?parent=111652"}],"wp:term":[{"taxonomy":"category","embeddable":true,"href":"https:\/\/linitiative.ca\/International\/wp-json\/wp\/v2\/categories?post=111652"},{"taxonomy":"post_tag","embeddable":true,"href":"https:\/\/linitiative.ca\/International\/wp-json\/wp\/v2\/tags?post=111652"}],"curies":[{"name":"wp","href":"https:\/\/api.w.org\/{rel}","templated":true}]}}