{"id":111653,"date":"2021-02-20T09:54:51","date_gmt":"2021-02-20T14:54:51","guid":{"rendered":"https:\/\/linitiative.ca\/International\/nouvelle-bmw-serie-5-quand-la-force-et-lelegance-ne-font-quun\/"},"modified":"2021-02-20T09:54:51","modified_gmt":"2021-02-20T14:54:51","slug":"nouvelle-bmw-serie-5-quand-la-force-et-lelegance-ne-font-quun","status":"publish","type":"post","link":"https:\/\/linitiative.ca\/International\/nouvelle-bmw-serie-5-quand-la-force-et-lelegance-ne-font-quun\/","title":{"rendered":"Nouvelle BMW S\u00e9rie 5 : Quand la force et l\u2019\u00e9l\u00e9gance ne font qu\u2019un"},"content":{"rendered":"<figure class=\"post-thumbnail\" itemprop=\"associatedMedia\" itemscope=\"itemscope\" itemtype=\"http:\/\/schema.org\/ImageObject\"><img decoding=\"async\" class=\"post_layout_5_img\" src=\"http:\/\/aujourdhui.ma\/wp-content\/uploads\/2021\/02\/BMW-Se\u0301rie-5.jpg\" alt=\"Nouvelle BMW S\u00e9rie 5 : Quand la force et l\u2019\u00e9l\u00e9gance ne font qu\u2019un\"\/><\/figure>\n<p><span class=\"c5\"><strong>Charismatique de l\u2019ext\u00e9rieur, regorgeant de d\u00e9tails raffin\u00e9s et d\u2019innovation \u00e0 l\u2019int\u00e9rieur, la nouvelle BMW S\u00e9rie 5 consolide sa position en tant que leader particuli\u00e8rement sportif, efficace et \u00e9volutif du segment haut de gamme des berlines d\u2019affaires.<\/strong><\/span><br \/><span id=\"more-368562\"\/><\/p>\n<p>Parmi les nouveaux \u00e9l\u00e9ments les plus importants en termes d\u2019\u00e9quipement, le syst\u00e8me d\u2019affichage et d\u2019exploitation inclut d\u00e9sormais \u00e9galement un \u00e9cran de contr\u00f4le pouvant mesurer jusqu\u2019\u00e0 12,3 pouces. S\u2019ajoute \u00e0 cela l\u2019int\u00e9gration du syst\u00e8me d\u2019exploitation BMW 7.0 qui permet d\u00e9sormais aux propri\u00e9taires de b\u00e9n\u00e9ficier des services de l\u2019assistant personnel intelligent BMW (Hey BMW !).<\/p>\n<p>La grande diversit\u00e9 des innovations technologiques disponibles \u00e0 bord ouvre la voie \u00e0 l\u2019\u00e9ventail de mod\u00e8les le plus riche traditionnellement parlant de la gamme BMW en vue d\u2019\u00e9crire un nouveau chapitre de sa success story. Ce mod\u00e8le est fabriqu\u00e9 dans les usines BMW de Dingolfing en Bavi\u00e8re ainsi qu\u2019\u00e0 Graz, en Autriche.<\/p>\n<p><strong><span class=\"c6\">Design ext\u00e9rieur : une prestance renforc\u00e9e et un style sportif raffin\u00e9<\/span><\/strong><\/p>\n<p>Le design ext\u00e9rieur de la BMW S\u00e9rie 5 est caract\u00e9ris\u00e9 par sa gr\u00e2ce sportive et ses surfaces nettes. Des modifications pr\u00e9cises mettent en valeur la prestance et le style sportif raffin\u00e9 de la berline. La calandre r\u00e9niforme BMW gagne en largeur et en hauteur, descend plus loin dans la jupe avant et est encadr\u00e9e par un cadre monobloc. Le contour plus fin des phares apporte une touche de modernit\u00e9 au look nettement familier du pass\u00e9 et du pr\u00e9sent de BMW. Deux sources lumineuses diurnes en U ou en L, en option, dispos\u00e9es l\u2019une \u00e0 c\u00f4t\u00e9 de l\u2019autre cr\u00e9ent un motif lumineux pr\u00e9cis et moderne. De nouveaux projecteurs Full LED avec fonction adaptative, feux de route anti-\u00e9blouissants BMW Selective Beam et l\u2019assistant feux de route sont propos\u00e9s en option. La finition M Sport, les jantes BMW Individual Air Performance et l\u2019\u00e9dition M Sport rehaussent l\u2019exclusivit\u00e9 d\u2019un cran suppl\u00e9mentaire. La finition M Sport conf\u00e8re un design beaucoup plus muscl\u00e9 \u00e0 l\u2019avant et \u00e0 l\u2019arri\u00e8re de la voiture gr\u00e2ce \u00e0 de nouvelles caract\u00e9ristiques a\u00e9rodynamiques. Les nouvelles couleurs ext\u00e9rieures et les jantes BMW Individual Air Performance \u2013 qui font ici leurs d\u00e9buts \u2013 apportent des am\u00e9liorations suppl\u00e9mentaires.<\/p>\n<p><span class=\"c6\"><strong>Nouvelles options d\u2019\u00e9quipement<\/strong><\/span><\/p>\n<p>L\u2019\u00e9cran de contr\u00f4le de 10,25 pouces de s\u00e9rie (ou 12,3 pouces en option), les nouvelles commandes int\u00e9gr\u00e9es sur la console centrale et le volant sport avec touches multifonctions nouvellement dispos\u00e9s viennent souligner un int\u00e9rieur qui regorge de d\u00e9tails raffin\u00e9s. L\u2019\u00e9quipement de s\u00e9rie de la nouvelle BMW S\u00e9rie 5 comprend d\u00e9sormais \u00e9galement la climatisation automatique avec des fonctionnalit\u00e9s \u00e9tendues.<br \/>Sont \u00e9galement ajout\u00e9s \u00e0 la liste des options les si\u00e8ges M multifonctions avec un large \u00e9ventail de r\u00e9glages, de nouveaux garnissages int\u00e9rieurs et des dessus de si\u00e8ge en habillage perfor\u00e9 Sensatec.<br \/>La transmission int\u00e9grale intelligente BMW xDrive est propos\u00e9e en option sur toutes les variantes du mod\u00e8le, \u00e0 l\u2019exception du moteur \u00e0 essence d\u2019entr\u00e9e de gamme.<br \/>Syst\u00e8mes d\u2019assistance \u00e0 la conduite offrant des fonctions suppl\u00e9mentaires<\/p>\n<p>Les syst\u00e8mes d\u2019assistance \u00e0 la conduite disponibles pour la nouvelle BMW S\u00e9rie 5 permettent \u00e0 la fois d\u2019am\u00e9liorer le confort de conduite sur les longs trajets et d\u2019augmenter la s\u00e9curit\u00e9 dans les situations o\u00f9 le conducteur n\u2019a pas une bonne visibilit\u00e9. Le syst\u00e8me d\u2019avertissement de sortie de voie, inclus avec l\u2019assistant de conduite en option, comprend d\u00e9sormais \u00e9galement le retour sur voie au moyen de la direction assist\u00e9e.<\/p>\n<p><a href=\"https:http:\/\/aujourdhui.ma\/wp-content\/uploads\/2021\/02\/BMW-Se\u0301rie-5-1.jpg\"><img decoding=\"async\" loading=\"lazy\" class=\"size-full wp-image-368568 aligncenter\" src=\"http:\/\/aujourdhui.ma\/wp-content\/uploads\/2021\/02\/BMW-Se\u0301rie-5-1.jpg\" alt=\"\" width=\"746\" height=\"380\" srcset=\"\/\/aujourdhui.ma\/wp-content\/uploads\/2021\/02\/BMW-Se\u0301rie-5-1.jpg 746w, \/\/aujourdhui.ma\/wp-content\/uploads\/2021\/02\/BMW-Se\u0301rie-5-1-300x153.jpg 300w, \/\/aujourdhui.ma\/wp-content\/uploads\/2021\/02\/BMW-Se\u0301rie-5-1-274x140.jpg 274w, \/\/aujourdhui.ma\/wp-content\/uploads\/2021\/02\/BMW-Se\u0301rie-5-1-165x84.jpg 165w, \/\/aujourdhui.ma\/wp-content\/uploads\/2021\/02\/BMW-Se\u0301rie-5-1-702x358.jpg 702w\" sizes=\"auto, (max-width: 746px) 100vw, 746px\"\/><\/a><\/p>\n<p><span class=\"c6\"><strong>Nouveaux services num\u00e9riques : BMW intelligent personnel assistant, int\u00e9gration de smartphone<\/strong><\/span><\/p>\n<p>Le BMW Live Cockpit Navigation Plus de s\u00e9rie et le BMW Live Cockpit Navigation Pro en option incluent le nouveau syst\u00e8me d\u2019exploitation BMW 7.0, ainsi qu\u2019une multitude de services num\u00e9riques suppl\u00e9mentaires. L\u2019assistant personnel intelligent BMW (Hey BMW !) avec ses fonctionnalit\u00e9s \u00e9tendues est \u00e9galement d\u00e9sormais disponible de s\u00e9rie sur la nouvelle BMW S\u00e9rie 5.<\/p>\n<p><strong><span class=\"c6\">Nouvelle BMW S\u00e9rie 5 hybride rechargeable<\/span><\/strong><\/p>\n<p>La version hybride rechargeable de la nouvelle BMW 530e se compose d\u2019un moteur essence 4 cylindres 2,0 litres d\u00e9veloppant 184 ch et d\u2019un moteur \u00e9lectrique dont la puissance maximale est de 80 kW sur les BMW 530e. Ensemble, ils g\u00e9n\u00e8rent une puissance combin\u00e9e allant jusqu\u2019\u00e0 204 ch.<br \/>Ces deux moteurs transmettent leur couple aux roues arri\u00e8re via la bo\u00eete de vitesses \u00e0 8 rapports ou, au besoin, aux quatre roues \u00e0 l\u2019aide de la technologie BMW xDrive en option. En plus de la puissance combin\u00e9e de 204 ch, la puissance spontan\u00e9e et le couple maximal du syst\u00e8me garantissent des caract\u00e9ristiques de conduite dynamiques et permettent une acc\u00e9l\u00e9ration de l\u2019arr\u00eat \u00e0 100 km\/h en 5,9 secondes, et sa vitesse maximale est de 235 km\/h.<\/p>\n<p><span class=\"c6\"><strong>Finitions, motorisations et gamme Maroc<\/strong><\/span><\/p>\n<p>Au Maroc, Smeia propose une large gamme de la nouvelle BMW S\u00e9rie 5 \u00e0 travers les finitions H\u00e9ritage, El\u00e9gance et Pack M qui se d\u00e9clinent en plusieurs motorisations.<\/p>\n<p><a href=\"https:http:\/\/aujourdhui.ma\/wp-content\/uploads\/2021\/02\/BMW-Se\u0301rie-5-.jpg\"><img decoding=\"async\" loading=\"lazy\" class=\"size-full wp-image-368567 aligncenter\" src=\"http:\/\/aujourdhui.ma\/wp-content\/uploads\/2021\/02\/BMW-Se\u0301rie-5-.jpg\" alt=\"\" width=\"746\" height=\"380\" srcset=\"\/\/aujourdhui.ma\/wp-content\/uploads\/2021\/02\/BMW-Se\u0301rie-5-.jpg 746w, \/\/aujourdhui.ma\/wp-content\/uploads\/2021\/02\/BMW-Se\u0301rie-5--300x153.jpg 300w, \/\/aujourdhui.ma\/wp-content\/uploads\/2021\/02\/BMW-Se\u0301rie-5--274x140.jpg 274w, \/\/aujourdhui.ma\/wp-content\/uploads\/2021\/02\/BMW-Se\u0301rie-5--165x84.jpg 165w, \/\/aujourdhui.ma\/wp-content\/uploads\/2021\/02\/BMW-Se\u0301rie-5--702x358.jpg 702w\" sizes=\"auto, (max-width: 746px) 100vw, 746px\"\/><\/a><\/p>\n<p>Auteur: ALM<br \/>\n<a href=\"https:\/\/aujourdhui.ma\/automobile\/nouvelle-bmw-serie-5-quand-la-force-et-lelegance-ne-font-quun\">Cliquez ici pour lire l&rsquo;article depuis sa source.<\/a><\/p>\n","protected":false},"excerpt":{"rendered":"<p>Charismatique de l\u2019ext\u00e9rieur, regorgeant de d\u00e9tails raffin\u00e9s et d\u2019innovation \u00e0 l\u2019int\u00e9rieur, la nouvelle BMW S\u00e9rie 5 consolide sa position en tant que leader particuli\u00e8rement sportif, efficace et \u00e9volutif du segment haut de gamme des berlines d\u2019affaires. Parmi les nouveaux \u00e9l\u00e9ments les plus importants en termes d\u2019\u00e9quipement, le syst\u00e8me d\u2019affichage et d\u2019exploitation inclut d\u00e9sormais \u00e9galement un [&hellip;]<\/p>\n","protected":false},"author":1759,"featured_media":0,"comment_status":"closed","ping_status":"closed","sticky":false,"template":"","format":"standard","meta":{"fifu_image_url":"http:\/\/aujourdhui.ma\/wp-content\/uploads\/2021\/02\/BMW-Se\u0301rie-5.jpg","fifu_image_alt":"Nouvelle BMW S\u00e9rie 5 : Quand la force et l\u2019\u00e9l\u00e9gance ne font qu\u2019un","footnotes":""},"categories":[73,54],"tags":[],"class_list":["post-111653","post","type-post","status-publish","format-standard","hentry","category-actualite","category-maroc"],"_links":{"self":[{"href":"https:\/\/linitiative.ca\/International\/wp-json\/wp\/v2\/posts\/111653","targetHints":{"allow":["GET"]}}],"collection":[{"href":"https:\/\/linitiative.ca\/International\/wp-json\/wp\/v2\/posts"}],"about":[{"href":"https:\/\/linitiative.ca\/International\/wp-json\/wp\/v2\/types\/post"}],"author":[{"embeddable":true,"href":"https:\/\/linitiative.ca\/International\/wp-json\/wp\/v2\/users\/1759"}],"replies":[{"embeddable":true,"href":"https:\/\/linitiative.ca\/International\/wp-json\/wp\/v2\/comments?post=111653"}],"version-history":[{"count":0,"href":"https:\/\/linitiative.ca\/International\/wp-json\/wp\/v2\/posts\/111653\/revisions"}],"wp:attachment":[{"href":"https:\/\/linitiative.ca\/International\/wp-json\/wp\/v2\/media?parent=111653"}],"wp:term":[{"taxonomy":"category","embeddable":true,"href":"https:\/\/linitiative.ca\/International\/wp-json\/wp\/v2\/categories?post=111653"},{"taxonomy":"post_tag","embeddable":true,"href":"https:\/\/linitiative.ca\/International\/wp-json\/wp\/v2\/tags?post=111653"}],"curies":[{"name":"wp","href":"https:\/\/api.w.org\/{rel}","templated":true}]}}