{"id":111657,"date":"2021-02-19T18:52:01","date_gmt":"2021-02-19T23:52:01","guid":{"rendered":"https:\/\/linitiative.ca\/International\/supercomputing-center-une-infrastructure-liant-recherche-et-industrie\/"},"modified":"2021-02-19T18:52:01","modified_gmt":"2021-02-19T23:52:01","slug":"supercomputing-center-une-infrastructure-liant-recherche-et-industrie","status":"publish","type":"post","link":"https:\/\/linitiative.ca\/International\/supercomputing-center-une-infrastructure-liant-recherche-et-industrie\/","title":{"rendered":"SuperComputing Center, une infrastructure liant recherche et industrie"},"content":{"rendered":"<div readability=\"41\">\n<p>Benguerir \u2013 L\u2019African SuperComputing Center constitue une infrastructure de pointe de nature \u00e0 renforcer les liens entre le monde de la Recherche et celui de l\u2019industrie, a soulign\u00e9 vendredi \u00e0 Benguerir, le ministre de l\u2019\u00c9ducation nationale, de la Formation professionnelle, de l\u2019Enseignement sup\u00e9rieur et de la Recherche scientifique, porte parole du Gouvernement, M. Saa\u00efd Amzazi.<\/p>\n<\/div>\n<div readability=\"140\">\n<p>Intervenant \u00e0 la c\u00e9r\u00e9monie d\u2019inauguration du Data Center de l\u2019Universit\u00e9 Mohammed VI Polytechnique (UM6P), abritant le plus puissant \u00ab\u00a0SuperCalculateur\u00a0\u00bb d\u2019Afrique, M. Amzazi a soulign\u00e9 que les solutions de calcul intensif qu\u2019offre cette infrastructure peuvent \u00eatre combin\u00e9es pour une multitude de cas d\u2019usage dans le monde de l\u2019industrie notamment, en industrie automobile, a\u00e9ronautique, chimique et cosm\u00e9tique entre autres.<\/p>\n<p>\u00ab\u00a0Nos universit\u00e9s regorgent des chercheurs qui, avec des moyens comme ce Supercalculateur, peuvent apporter des solutions in\u00e9dites \u00e0 nos entreprises\u00a0\u00bb, a-t-il poursuivi.<\/p>\n<p>\u00ab\u00a0Avec des initiatives d\u2019une telle envergure, l\u2019UM6P s\u2019engage r\u00e9solument dans la voie pr\u00f4n\u00e9e par la vision clairvoyante de Sa Majest\u00e9 le Roi Mohammed VI, qui place la recherche scientifique au service du d\u00e9veloppement technologique et de l\u2019innovation, afin de promouvoir notre croissance \u00e9conomique\u00a0\u00bb, a dit le ministre.<\/p>\n<p>Cette r\u00e9alisation t\u00e9moigne de l\u2019effervescence innovatrice de cette universit\u00e9 marocaine pionni\u00e8re dans la recherche, a fait savoir M. Amzazi, estimant que l\u2019Africa SuperComputing Center, dot\u00e9 d\u2019un super calculateur au nom tr\u00e8s \u00e9vocateur de \u00ab\u00a0Toubkal\u00a0\u00bb, contribuera sans aucun doute \u00e0 porter cette universit\u00e9 vers les plus hauts sommets de l\u2019\u00e9cosyst\u00e8me de High Performance Computing r\u00e9gional et continental.<\/p>\n<p>Ce SuperCalculateur marocain, occupant le 26\u00e8me rang mondial et de loin le plus puissant du continent africain, \u00e0 travers ses 71.232 coeurs de processeurs, et sa puissance de calcul de 3.158 PF (TFlops)\u00a0 permettra \u00e0 l\u2019African SuperComputing Center d\u2019effectuer des calculs complexes et des traitements de donn\u00e9es massives en temps r\u00e9el sur des architectures de pointe, a-t-il expliqu\u00e9, indiquant que \u00ab\u00a0ce supercalculateur sera en mesure d\u2019offrir une expertise en Mod\u00e9lisation-Simulation-Optimisation, pour accompagner les projets de Recherche de nos universit\u00e9s et de nos industries\u00a0\u00bb.<\/p>\n<p>Le SuperCalculateur (High Performance Computing : HPC), a-t-il poursuivi, pourra en outre venir supporter les technologies les plus pointues, telles que le d\u00e9veloppement de v\u00e9hicules autonomes ou encore les techniques de d\u00e9tection du cancer, \u00e9mettant\u00a0le voeu de voir ce g\u00e9ant du HPC au Maroc porter rapidement ses fruits, \u00e0 travers des projets de R&amp;D de qualit\u00e9, qui contribueront dans la transformation digitale du Royaume.<\/p>\n<p>Pour sa part, le ministre d\u00e9l\u00e9gu\u00e9 charg\u00e9 de l\u2019enseignement sup\u00e9rieur et la recherche scientifique, M. Driss Ouaouicha, a salu\u00e9 le choix, l\u2019investissement et la r\u00e9alisation de ce projet tellement important pour le Maroc, faisant savoir que de mi-mars \u00e0 mi-juin 2021, plus de 120.000 contenus acad\u00e9miques ont \u00e9t\u00e9 digitalis\u00e9s par les deux universit\u00e9s publiques (UM6P et l\u2019Universit\u00e9 Cadi Ayyand).<\/p>\n<p>Le ministre a tenu \u00e0 rappeler que les centres de digitalisation dans les 12 universit\u00e9s, cr\u00e9es en collaboration entre la Fondation OCP et l\u2019UM6P, ont d\u00e9multipli\u00e9 les contenus digitalis\u00e9s d\u2019o\u00f9, l\u2019importance de la r\u00e9alisation de ce Data Center.<\/p>\n<p>Ce projet qui vient \u00e0 point nomm\u00e9, contribuera \u00e0 surmonter les d\u00e9fis de stockage, de\u00a0 viabilit\u00e9 et la s\u00e9curit\u00e9 et la difficult\u00e9 d\u2019acc\u00e8s, estimant que ces infrastructures marquent un tournant, \u00e0 m\u00eame de permettre au Maroc de se doter de son \u00ab\u00a0cloud souverain\u00a0\u00bb et garder tout les contenus digitalis\u00e9s sous sa maitrise.<\/p>\n<p>De son c\u00f4t\u00e9, le pr\u00e9sident de l\u2019UM6P, Hicham El Habti, a estim\u00e9 que depuis une trentaine d\u2019ann\u00e9es, le Digital a pr\u00e9cipit\u00e9 les innovations, modifi\u00e9 nos modes de vie et ouvert de nouvelles voies de d\u00e9veloppement, relevant que ce Data Center va \u00e9lever les capacit\u00e9s d\u2019exp\u00e9rimentation scientifique, et permettre une plus grande ma\u00eetrise des donn\u00e9es massives collect\u00e9es.<\/p>\n<p>\u00ab\u00a0Au-del\u00e0 de l\u2019objectif scientifique, la volont\u00e9 est avant tout d\u2019apporter des r\u00e9ponses aux industries, aux populations et aux territoires\u00a0\u00bb, a-t-il ajout\u00e9, relevant que la Big Data repr\u00e9sente une source inestimable pour relever tous les d\u00e9fis, dont ceux sanitaires comme la pand\u00e9mie ou le traitement de maladies, les d\u00e9fis environnementaux dont, le climat et la gestion des ressources, les d\u00e9fis humanitaires en identifiant les zones de vuln\u00e9rabilit\u00e9 et d\u2019ins\u00e9curit\u00e9 alimentaire, ou encore, les d\u00e9fis territoriaux en optimisant les r\u00e9seaux et les transports.<\/p>\n<\/div>\n<p>Auteur: Meriem IGASS<br \/>\n<a href=\"http:\/\/www.mapmarrakech.ma\/fr\/supercomputing-center-une-infrastructure-liant-la-recherche-et-lindustrie\/\">Cliquez ici pour lire l&rsquo;article depuis sa source.<\/a><\/p>\n","protected":false},"excerpt":{"rendered":"<p>Benguerir \u2013 L\u2019African SuperComputing Center constitue une infrastructure de pointe de nature \u00e0 renforcer les liens entre le monde de la Recherche et celui de l\u2019industrie, a soulign\u00e9 vendredi \u00e0 Benguerir, le ministre de l\u2019\u00c9ducation nationale, de la Formation professionnelle, de l\u2019Enseignement sup\u00e9rieur et de la Recherche scientifique, porte parole du Gouvernement, M. Saa\u00efd Amzazi. [&hellip;]<\/p>\n","protected":false},"author":1788,"featured_media":0,"comment_status":"closed","ping_status":"closed","sticky":false,"template":"","format":"standard","meta":{"fifu_image_url":"","fifu_image_alt":"","footnotes":""},"categories":[54,76],"tags":[],"class_list":["post-111657","post","type-post","status-publish","format-standard","hentry","category-maroc","category-regions"],"_links":{"self":[{"href":"https:\/\/linitiative.ca\/International\/wp-json\/wp\/v2\/posts\/111657","targetHints":{"allow":["GET"]}}],"collection":[{"href":"https:\/\/linitiative.ca\/International\/wp-json\/wp\/v2\/posts"}],"about":[{"href":"https:\/\/linitiative.ca\/International\/wp-json\/wp\/v2\/types\/post"}],"author":[{"embeddable":true,"href":"https:\/\/linitiative.ca\/International\/wp-json\/wp\/v2\/users\/1788"}],"replies":[{"embeddable":true,"href":"https:\/\/linitiative.ca\/International\/wp-json\/wp\/v2\/comments?post=111657"}],"version-history":[{"count":0,"href":"https:\/\/linitiative.ca\/International\/wp-json\/wp\/v2\/posts\/111657\/revisions"}],"wp:attachment":[{"href":"https:\/\/linitiative.ca\/International\/wp-json\/wp\/v2\/media?parent=111657"}],"wp:term":[{"taxonomy":"category","embeddable":true,"href":"https:\/\/linitiative.ca\/International\/wp-json\/wp\/v2\/categories?post=111657"},{"taxonomy":"post_tag","embeddable":true,"href":"https:\/\/linitiative.ca\/International\/wp-json\/wp\/v2\/tags?post=111657"}],"curies":[{"name":"wp","href":"https:\/\/api.w.org\/{rel}","templated":true}]}}