{"id":111658,"date":"2021-02-19T18:59:13","date_gmt":"2021-02-19T23:59:13","guid":{"rendered":"https:\/\/linitiative.ca\/International\/data-center-supercomputing-center-une-reponse-aux-besoins-public-prive\/"},"modified":"2021-02-19T18:59:13","modified_gmt":"2021-02-19T23:59:13","slug":"data-center-supercomputing-center-une-reponse-aux-besoins-public-prive","status":"publish","type":"post","link":"https:\/\/linitiative.ca\/International\/data-center-supercomputing-center-une-reponse-aux-besoins-public-prive\/","title":{"rendered":"Data Center\/SuperComputing Center, une r\u00e9ponse aux besoins public-priv\u00e9"},"content":{"rendered":"<div readability=\"38\">\n<p>Benguerir \u2013 Le Data Center et l\u2019African SuperComputing Center viennent r\u00e9pondre \u00e0 des besoins exponentiels du secteur public et priv\u00e9, a soulign\u00e9 vendredi \u00e0 Benguerir, le ministre de l\u2019Industrie, du Commerce et de l\u2019\u00c9conomie Verte et Num\u00e9rique, M. Moulay Hafid Elalamy.<\/p>\n<\/div>\n<div readability=\"93\">\n<p>\u00ab\u00a0Ces deux infrastructures tant attendues par l\u2019\u00e9cosyst\u00e8me \u00e9conomique seront au service aussi bien du secteur priv\u00e9 \u00e0 travers des partenariats, que du secteur public\u00a0\u00bb, a dit M. Elalamy qui prenait part \u00e0 la c\u00e9r\u00e9monie d\u2019inauguration du Data Center de l\u2019Universit\u00e9 Mohammed VI Polytechnique (UM6P), abritant le plus puissant \u00ab\u00a0SuperCalculateur\u00a0\u00bb d\u2019Afrique.<\/p>\n<p>Apr\u00e8s avoir mis en exergue le r\u00f4le de la pand\u00e9mie du nouveau coronavirus en mati\u00e8re d\u2019acc\u00e9l\u00e9ration de la transformation digitale au Maroc dans tous les secteurs, entre autres, celui de la sant\u00e9, de l\u2019enseignement, et de la justice entre autres, le ministre a fait remarquer que ces deux infrastructures de recherche et d\u2019innovation contribueront, sans nul doute, \u00e0 accompagner l\u2019\u00e9cosyst\u00e8me \u00e9conomique et lui apporter de vraies solutions aux diff\u00e9rents d\u00e9fis.<\/p>\n<p>Dans ce contexte, M. Elalamy a mis l\u2019accent sur la question de la mutualisation des ces infrastructures et leur mise au service des secteurs public et priv\u00e9, notant que la r\u00e9alisation de ces infrastructures de pointe s\u2019inscrit en droite ligne des Hautes Orientations de SM le Roi Mohammed VI, qui appelle \u00e0 placer la recherche et l\u2019innovation scientifiques au service de la promotion de la croissance \u00e9conomique du Royaume.<\/p>\n<p>Avec ce Data Center, installation de classe mondiale, assurant s\u00e9curit\u00e9 \u00e9lev\u00e9e, disponibilit\u00e9 maximale, haute flexibilit\u00e9 et connectivit\u00e9 optimale, l\u2019UM6P, fid\u00e8le \u00e0 son positionnement d\u2019excellence \u00e0 l\u2019\u00e9chelle nationale et continentale, se met au service de l\u2019\u00e9cosyst\u00e8me num\u00e9rique national afin de contribuer \u00e0 garantir la souverainet\u00e9 digitale du Royaume et \u00e0 d\u00e9velopper de nouveaux services num\u00e9riques 100% marocains.<\/p>\n<p>Situ\u00e9 au c\u0153ur de la Ville Verte de Benguerir et \u00e9tal\u00e9 sur une superficie de 2000 m2, ce Data Center va \u00e9lever les capacit\u00e9s d\u2019exp\u00e9rimentation scientifique, et permettre ainsi, une plus grande ma\u00eetrise des donn\u00e9es massives collect\u00e9es.<\/p>\n<p>Ce Data Center certifi\u00e9 Tier III et Tier IV par l\u2019Ultime Institute, outre le fait de proposer aux entreprises et aux organismes publics une infrastructure pour organiser, traiter, stocker et entreposer de grandes quantit\u00e9s de donn\u00e9es, abrite l\u2019African Supercomputing Center, une plateforme essentielle pour analyser d\u2019immenses quantit\u00e9s de donn\u00e9es et r\u00e9soudre des calculs d\u2019une extr\u00eame complexit\u00e9.<\/p>\n<p>Avec l\u2019African Supercomputing Center, dont la capacit\u00e9 s\u2019\u00e9tablit \u00e0 3 millions de milliards d\u2019op\u00e9rations par seconde, les horizons de la recherche scientifique et l\u2019innovation pour l\u2019UM6P et pour le Maroc s\u2019\u00e9largissent.<\/p>\n<\/div>\n<p>Auteur: Meriem IGASS<br \/>\n<a href=\"http:\/\/www.mapmarrakech.ma\/fr\/data-center-supercomputing-center-une-reponse-aux-besoins-public-prive\/\">Cliquez ici pour lire l&rsquo;article depuis sa source.<\/a><\/p>\n","protected":false},"excerpt":{"rendered":"<p>Benguerir \u2013 Le Data Center et l\u2019African SuperComputing Center viennent r\u00e9pondre \u00e0 des besoins exponentiels du secteur public et priv\u00e9, a soulign\u00e9 vendredi \u00e0 Benguerir, le ministre de l\u2019Industrie, du Commerce et de l\u2019\u00c9conomie Verte et Num\u00e9rique, M. Moulay Hafid Elalamy. \u00ab\u00a0Ces deux infrastructures tant attendues par l\u2019\u00e9cosyst\u00e8me \u00e9conomique seront au service aussi bien du [&hellip;]<\/p>\n","protected":false},"author":1788,"featured_media":0,"comment_status":"closed","ping_status":"closed","sticky":false,"template":"","format":"standard","meta":{"fifu_image_url":"","fifu_image_alt":"","footnotes":""},"categories":[54,76],"tags":[],"class_list":["post-111658","post","type-post","status-publish","format-standard","hentry","category-maroc","category-regions"],"_links":{"self":[{"href":"https:\/\/linitiative.ca\/International\/wp-json\/wp\/v2\/posts\/111658","targetHints":{"allow":["GET"]}}],"collection":[{"href":"https:\/\/linitiative.ca\/International\/wp-json\/wp\/v2\/posts"}],"about":[{"href":"https:\/\/linitiative.ca\/International\/wp-json\/wp\/v2\/types\/post"}],"author":[{"embeddable":true,"href":"https:\/\/linitiative.ca\/International\/wp-json\/wp\/v2\/users\/1788"}],"replies":[{"embeddable":true,"href":"https:\/\/linitiative.ca\/International\/wp-json\/wp\/v2\/comments?post=111658"}],"version-history":[{"count":0,"href":"https:\/\/linitiative.ca\/International\/wp-json\/wp\/v2\/posts\/111658\/revisions"}],"wp:attachment":[{"href":"https:\/\/linitiative.ca\/International\/wp-json\/wp\/v2\/media?parent=111658"}],"wp:term":[{"taxonomy":"category","embeddable":true,"href":"https:\/\/linitiative.ca\/International\/wp-json\/wp\/v2\/categories?post=111658"},{"taxonomy":"post_tag","embeddable":true,"href":"https:\/\/linitiative.ca\/International\/wp-json\/wp\/v2\/tags?post=111658"}],"curies":[{"name":"wp","href":"https:\/\/api.w.org\/{rel}","templated":true}]}}