{"id":111659,"date":"2021-02-20T10:26:54","date_gmt":"2021-02-20T15:26:54","guid":{"rendered":"https:\/\/linitiative.ca\/International\/recherche-scientifique-partenariat-entre-lum6p-et-luca\/"},"modified":"2021-02-20T10:26:54","modified_gmt":"2021-02-20T15:26:54","slug":"recherche-scientifique-partenariat-entre-lum6p-et-luca","status":"publish","type":"post","link":"https:\/\/linitiative.ca\/International\/recherche-scientifique-partenariat-entre-lum6p-et-luca\/","title":{"rendered":"Recherche scientifique: Partenariat entre l\u2019UM6P et l\u2019UCA"},"content":{"rendered":"<div readability=\"35\">\n<p>Benguerir \u2013 Deux conventions de partenariat et de coop\u00e9ration pour la promotion de la recherche scientifique ont \u00e9t\u00e9 sign\u00e9es vendredi \u00e0 Benguerir relevant de la province de Rehamna, entre l\u2019Universit\u00e9 Cadi Ayyad (UCA) de Marrakech et l\u2019Universit\u00e9 Mohammed VI Polytechnique (UM6P).<\/p>\n<\/div>\n<div readability=\"85\">\n<p>Ces conventions ont \u00e9t\u00e9 sign\u00e9es, en pr\u00e9sence notamment du ministre de l\u2019\u00c9ducation Nationale, de la Formation Professionnelle, de l\u2019Enseignement Sup\u00e9rieur et de la Recherche Scientifique, M. Saa\u00efd Amzazi, du ministre de l\u2019Industrie, du Commerce et de l\u2019\u00c9conomie Verte et Num\u00e9rique, M. Moulay Hafid Elalamy et du ministre d\u00e9l\u00e9gu\u00e9 charg\u00e9 de l\u2019Enseignement Sup\u00e9rieur et de la Recherche Scientifique, M. Driss Ouaouicha, en marge de la c\u00e9r\u00e9monie d\u2019inauguration du nouveau Data Center de l\u2019UM6P, abritant le plus puissant \u00ab\u00a0SuperCalculateur\u00a0\u00bb d\u2019Afrique.<\/p>\n<p>Sign\u00e9e par le pr\u00e9sident de l\u2019UCA, Moulay Hassan Hbid,\u00a0et le pr\u00e9sident de l\u2019UM6P, Hicham Habti, la premi\u00e8re convention-cadre vise l\u2019\u00e9laboration commune des programmes de formation avec la cr\u00e9ation de structures mixtes de recherche et l\u2019\u00e9change d\u2019exp\u00e9riences et de mat\u00e9riels scientifiques.<\/p>\n<p>Elle porte \u00e9galement sur la mobilit\u00e9 des \u00e9tudiants et des enseignants- chercheurs, l\u2019organisation commune de congr\u00e8s scientifiques ainsi que sur le co-encadrement des m\u00e9moires de fin d\u2019\u00e9tudes et des th\u00e8ses de doctorat.<\/p>\n<p>La deuxi\u00e8me convention sous forme d\u2019accord de coop\u00e9ration, a pour objectif de fournir de nouvelles souches de produits, de la part de l\u2019Universit\u00e9 Cadi Ayyad \u00e0 l\u2019UM6P.<\/p>\n<p>L\u2019UM6P est un \u00e9tablissement d\u2019enseignement sup\u00e9rieur\u00a0qui a d\u00e9velopp\u00e9 un savoir-faire dans la recherche et le digital, qui apporte davantage un support aux universit\u00e9s publiques marocaines pour accompagner l\u2019acc\u00e9l\u00e9ration de la recherche et la digitalisation de la formation au Maroc.<\/p>\n<p>Fond\u00e9e par la Fondation OCP, cette Universit\u00e9 se propose de soutenir l\u2019\u00e9ducation et la recherche au Maroc \u00e0 travers l\u2019acc\u00e9l\u00e9ration du \u00ab\u00a0Capacity Building\u00a0\u00bb dans les universit\u00e9s marocaines.<\/p>\n<p>L\u2019UCA est l\u2019une des universit\u00e9s publiques leaders \u00e0 l\u2019\u00e9chelle nationale et r\u00e9gionale. Elle a veill\u00e9, depuis sa cr\u00e9ation en 1978, \u00e0 assurer pleinement son r\u00f4le dans la cr\u00e9ation et la transmission du savoir, et \u00e0 se d\u00e9marquer dans la recherche et l\u2019innovation.<\/p>\n<p>Au fil des ann\u00e9es, elle s\u2019est dot\u00e9e d\u2019autres structures qui ont renforc\u00e9 davantage le paysage de l\u2019enseignement sup\u00e9rieur.<\/p>\n<\/div>\n<p>Auteur: Meriem IGASS<br \/>\n<a href=\"http:\/\/www.mapmarrakech.ma\/fr\/recherche-scientifique-partenariat-entre-lum6p-et-luca\/\">Cliquez ici pour lire l&rsquo;article depuis sa source.<\/a><\/p>\n","protected":false},"excerpt":{"rendered":"<p>Benguerir \u2013 Deux conventions de partenariat et de coop\u00e9ration pour la promotion de la recherche scientifique ont \u00e9t\u00e9 sign\u00e9es vendredi \u00e0 Benguerir relevant de la province de Rehamna, entre l\u2019Universit\u00e9 Cadi Ayyad (UCA) de Marrakech et l\u2019Universit\u00e9 Mohammed VI Polytechnique (UM6P). Ces conventions ont \u00e9t\u00e9 sign\u00e9es, en pr\u00e9sence notamment du ministre de l\u2019\u00c9ducation Nationale, de [&hellip;]<\/p>\n","protected":false},"author":1788,"featured_media":0,"comment_status":"closed","ping_status":"closed","sticky":false,"template":"","format":"standard","meta":{"fifu_image_url":"","fifu_image_alt":"","footnotes":""},"categories":[54,76],"tags":[],"class_list":["post-111659","post","type-post","status-publish","format-standard","hentry","category-maroc","category-regions"],"_links":{"self":[{"href":"https:\/\/linitiative.ca\/International\/wp-json\/wp\/v2\/posts\/111659","targetHints":{"allow":["GET"]}}],"collection":[{"href":"https:\/\/linitiative.ca\/International\/wp-json\/wp\/v2\/posts"}],"about":[{"href":"https:\/\/linitiative.ca\/International\/wp-json\/wp\/v2\/types\/post"}],"author":[{"embeddable":true,"href":"https:\/\/linitiative.ca\/International\/wp-json\/wp\/v2\/users\/1788"}],"replies":[{"embeddable":true,"href":"https:\/\/linitiative.ca\/International\/wp-json\/wp\/v2\/comments?post=111659"}],"version-history":[{"count":0,"href":"https:\/\/linitiative.ca\/International\/wp-json\/wp\/v2\/posts\/111659\/revisions"}],"wp:attachment":[{"href":"https:\/\/linitiative.ca\/International\/wp-json\/wp\/v2\/media?parent=111659"}],"wp:term":[{"taxonomy":"category","embeddable":true,"href":"https:\/\/linitiative.ca\/International\/wp-json\/wp\/v2\/categories?post=111659"},{"taxonomy":"post_tag","embeddable":true,"href":"https:\/\/linitiative.ca\/International\/wp-json\/wp\/v2\/tags?post=111659"}],"curies":[{"name":"wp","href":"https:\/\/api.w.org\/{rel}","templated":true}]}}