{"id":111662,"date":"2021-02-19T15:26:09","date_gmt":"2021-02-19T20:26:09","guid":{"rendered":"https:\/\/linitiative.ca\/International\/securite-routiere-1-600-mdh-pour-le-plan-daction-2021\/"},"modified":"2021-02-19T15:26:09","modified_gmt":"2021-02-19T20:26:09","slug":"securite-routiere-1-600-mdh-pour-le-plan-daction-2021","status":"publish","type":"post","link":"https:\/\/linitiative.ca\/International\/securite-routiere-1-600-mdh-pour-le-plan-daction-2021\/","title":{"rendered":"S\u00e9curit\u00e9 routi\u00e8re: 1.600 MDH pour le plan d\u2019action 2021"},"content":{"rendered":"<p class=\"c4\">Une enveloppe budg\u00e9taire de 1.600 millions de dirhams (MDH) a \u00e9t\u00e9 allou\u00e9e \u00e0 la mise en \u0153uvre du plan d\u2019action relatif \u00e0 la s\u00e9curit\u00e9 routi\u00e8re au titre de l\u2019ann\u00e9e 2021, a indiqu\u00e9 jeudi \u00e0 Rabat le ministre de l\u2019\u00c9quipement, du transport, de la logistique et de l\u2019eau, Abdelkader Amara.<\/p>\n<p class=\"c4\">Pr\u00e9sentant le bilan et les perspectives\u00a0de la politique nationale en mati\u00e8re de s\u00e9curit\u00e9 routi\u00e8re lors de la r\u00e9union du Conseil de gouvernement, M. Amara a soulign\u00e9 qu\u2019au sujet du programme d\u2019action 2021 relatif aux pi\u00e9tons, il a \u00e9t\u00e9 proc\u00e9d\u00e9 \u00e0 l\u2019adoption d\u2019un guide r\u00e9f\u00e9rentiel des am\u00e9nagements de s\u00e9curit\u00e9 routi\u00e8re et \u00e0 la r\u00e9alisation de 50 op\u00e9rations d\u2019audit pour s\u2019assurer du respect de la compatibilit\u00e9 des v\u00e9hicules avec les attestations de conformit\u00e9 d\u00e9livr\u00e9es.<\/p>\n<p class=\"c4\">Pour les cyclomoteurs de deux ou trois roues, il s\u2019agit de d\u00e9finir les m\u00e9canismes n\u00e9cessaires pour l\u2019examen d\u2019obtention du permis de conduire des cyclomoteurs cylindr\u00e9s de plus de 50 cm3, conform\u00e9ment au d\u00e9cret en vigueur en la mati\u00e8re, a ajout\u00e9 le ministre, relevant qu\u2019il sera proc\u00e9d\u00e9 \u00e0 la r\u00e9vision des crit\u00e8res techniques d\u2019approbation des casques en y ajoutant un code pour faciliter les op\u00e9rations de contr\u00f4le.<\/p>\n<p class=\"c4\">En outre, des plateformes interactives d\u00e9di\u00e9es \u00e0 l\u2019\u00e9ducation routi\u00e8re seront r\u00e9alis\u00e9es dans les villes de Temara, El Kel\u00e2a et Boujdour, au profit des enfants de moins de 14 ans, avec un budget de 16 MDH. Il a \u00e0 cet \u00e9gard soulign\u00e9 la poursuite de l\u2019introduction des notions de la s\u00e9curit\u00e9 routi\u00e8re dans le milieu scolaire et la mise en place d\u2019un certificat scolaire de s\u00e9curit\u00e9 routi\u00e8re dans le cycle coll\u00e9gial, en plus de clubs pour la s\u00e9curit\u00e9 routi\u00e8re dans les \u00e9tablissements d\u2019enseignement primaire et universitaire (1 MDH).<\/p>\n<p class=\"c4\">S\u2019agissant des accidents impliquant un seul v\u00e9hicule, M. Amara a indiqu\u00e9 que l\u2019ann\u00e9e 2021 verra la mise en ex\u00e9cution du projet pilote d\u2019am\u00e9lioration de la qualit\u00e9 de l\u2019examen appliqu\u00e9 pour l\u2019obtention du permis de conduire, dans le cadre d\u2019une convention de partenariat avec l\u2019Universit\u00e9 Mohammed VI polytechnique de Benguerir, l\u2019installation et l\u2019exploitation de 552 radars fixes et l\u2019acquisition de 140 radars mobiles au profit de la Gendarmerie royale (10 MDH).<\/p>\n<p class=\"c4\">C\u00f4t\u00e9 transport du personnel, on pr\u00e9voit l\u2019augmentation du nombre de points de contr\u00f4le et des seuils de contr\u00f4le technique pour les v\u00e9hicules de transport professionnel et au renforcement du contr\u00f4le routier des v\u00e9hicules de transport de marchandises, notamment en mati\u00e8re d\u2019infractions relatives \u00e0 la surcharge, a-t-il poursuivi, ajoutant que le parc des bus du transport en commun sera contr\u00f4l\u00e9 au moins deux fois par an.<\/p>\n<p class=\"c4\">Selon le ministre, l\u2019accent sera mis sur l\u2019approbation du projet de loi relatif au transport m\u00e9dical et aux premiers secours, la promulgation de la loi relative aux urgences pr\u00e9hospitali\u00e8res, l\u2019\u00e9laboration d\u2019une d\u00e9cision conjointe des minist\u00e8res de la Sant\u00e9 et du Transport portant sur la nouvelle liste des maladies et emp\u00eachements sanitaires de conduite, ainsi que sur la publication d\u2019une d\u00e9cision des ministres de la Sant\u00e9 et de l\u2019Int\u00e9rieur relative \u00e0 l\u2019organisation du transport m\u00e9dical.<\/p>\n<p class=\"c4\">La pr\u00e9sentation du bilan et des perspectives de la politique nationale dans le domaine de la s\u00e9curit\u00e9 routi\u00e8re intervient \u00e0 l\u2019occasion de la comm\u00e9moration de la Journ\u00e9e nationale de la S\u00e9curit\u00e9 routi\u00e8re, le 18 f\u00e9vrier de chaque ann\u00e9e.<\/p>\n<p>Auteur: Soufiane ELAHMAR<br \/>\n<a href=\"http:\/\/www.mapoujda.ma\/fr\/securite-routiere-1-600-mdh-pour-le-plan-daction-2021\/\">Cliquez ici pour lire l&rsquo;article depuis sa source.<\/a><\/p>\n","protected":false},"excerpt":{"rendered":"<p>Une enveloppe budg\u00e9taire de 1.600 millions de dirhams (MDH) a \u00e9t\u00e9 allou\u00e9e \u00e0 la mise en \u0153uvre du plan d\u2019action relatif \u00e0 la s\u00e9curit\u00e9 routi\u00e8re au titre de l\u2019ann\u00e9e 2021, a indiqu\u00e9 jeudi \u00e0 Rabat le ministre de l\u2019\u00c9quipement, du transport, de la logistique et de l\u2019eau, Abdelkader Amara. Pr\u00e9sentant le bilan et les perspectives\u00a0de [&hellip;]<\/p>\n","protected":false},"author":1788,"featured_media":0,"comment_status":"closed","ping_status":"closed","sticky":false,"template":"","format":"standard","meta":{"fifu_image_url":"","fifu_image_alt":"","footnotes":""},"categories":[54,76],"tags":[],"class_list":["post-111662","post","type-post","status-publish","format-standard","hentry","category-maroc","category-regions"],"_links":{"self":[{"href":"https:\/\/linitiative.ca\/International\/wp-json\/wp\/v2\/posts\/111662","targetHints":{"allow":["GET"]}}],"collection":[{"href":"https:\/\/linitiative.ca\/International\/wp-json\/wp\/v2\/posts"}],"about":[{"href":"https:\/\/linitiative.ca\/International\/wp-json\/wp\/v2\/types\/post"}],"author":[{"embeddable":true,"href":"https:\/\/linitiative.ca\/International\/wp-json\/wp\/v2\/users\/1788"}],"replies":[{"embeddable":true,"href":"https:\/\/linitiative.ca\/International\/wp-json\/wp\/v2\/comments?post=111662"}],"version-history":[{"count":0,"href":"https:\/\/linitiative.ca\/International\/wp-json\/wp\/v2\/posts\/111662\/revisions"}],"wp:attachment":[{"href":"https:\/\/linitiative.ca\/International\/wp-json\/wp\/v2\/media?parent=111662"}],"wp:term":[{"taxonomy":"category","embeddable":true,"href":"https:\/\/linitiative.ca\/International\/wp-json\/wp\/v2\/categories?post=111662"},{"taxonomy":"post_tag","embeddable":true,"href":"https:\/\/linitiative.ca\/International\/wp-json\/wp\/v2\/tags?post=111662"}],"curies":[{"name":"wp","href":"https:\/\/api.w.org\/{rel}","templated":true}]}}