{"id":111663,"date":"2021-02-19T15:49:23","date_gmt":"2021-02-19T20:49:23","guid":{"rendered":"https:\/\/linitiative.ca\/International\/presentation-des-resultats-dun-projet-en-faveur-de-legalite-des-genres\/"},"modified":"2021-02-19T15:49:23","modified_gmt":"2021-02-19T20:49:23","slug":"presentation-des-resultats-dun-projet-en-faveur-de-legalite-des-genres","status":"publish","type":"post","link":"https:\/\/linitiative.ca\/International\/presentation-des-resultats-dun-projet-en-faveur-de-legalite-des-genres\/","title":{"rendered":"Pr\u00e9sentation des r\u00e9sultats d\u2019un projet en faveur de l\u2019\u00e9galit\u00e9 des genres"},"content":{"rendered":"<p class=\"c4\">Les r\u00e9sultats du projet \u00abJeunesse, volontariat, \u00e9galit\u00e9\u00bb, visant \u00e0 promouvoir l\u2019\u00e9galit\u00e9 des genres et la participation citoyenne des femmes, ont \u00e9t\u00e9 pr\u00e9sent\u00e9s lors d\u2019une conf\u00e9rence de presse tenue vendredi \u00e0 Oujda.<\/p>\n<p class=\"c4\">Le projet, men\u00e9 par le Collectif marocain du volontariat et qui s\u2019ach\u00e8ve cette fin de semaine, a d\u00e9but\u00e9 en f\u00e9vrier 2020 et consiste en la formation d\u2019un groupe de volontaires qui ont \u0153uvr\u00e9 pour la sensibilisation, la conscientisation et la mobilisation en faveur de l\u2019\u00e9galit\u00e9 des sexes aupr\u00e8s des conseils \u00e9lus et des acteurs locaux de Jerada, Berkane et Nador.<\/p>\n<p class=\"c4\">Selon les responsables du projet, mis en \u0153uvre dans le cadre du programme \u00abMoucharaka Mouwatina\u00bb (Participation citoyenne) financ\u00e9 par l\u2019Union europ\u00e9enne, cette initiative a permis de promouvoir le volontariat contractuel en tant qu\u2019outil de mobilisation citoyenne pour la participation au d\u00e9veloppement.<\/p>\n<p class=\"c4\">En outre, il a \u00e9t\u00e9 proc\u00e9d\u00e9 \u00e0 la r\u00e9alisation d\u2019une \u00e9tude d\u00e9taill\u00e9e sur la situation de l\u2019\u00e9galit\u00e9 des genres au niveau de la r\u00e9gion de l\u2019Oriental, en particulier les villes de Jerada, Berkane et Nador, en plus d\u2019un guide des droits de l\u2019Homme pour la concr\u00e9tisation de l\u2019\u00e9galit\u00e9 entre les sexes, qui a \u00e9t\u00e9 adopt\u00e9 par le Bureau des Nations Unies pour les services d\u2019appui aux projets (UNOPS), partenaire du programme \u00abMoucharaka Mouwatina\u00bb.<\/p>\n<p class=\"c4\">Intervenant lors de cette rencontre, le pr\u00e9sident du Collectif marocain du volontariat, Mahmoud Allioua, a mis en exergue l\u2019importance de cette exp\u00e9rience qui a conjugu\u00e9 le volontariat des jeunes \u00e0 la sensibilisation aux in\u00e9galit\u00e9s hommes\/femmes, saluant les efforts des volontaires et de leurs partenaires associatifs et institutionnels, ayant permis de r\u00e9aliser le projet malgr\u00e9 les contraintes li\u00e9es \u00e0 la pand\u00e9mie du nouveau coronavirus.<\/p>\n<p class=\"c4\">Ce projet a g\u00e9n\u00e9r\u00e9 un ensemble de bonnes pratiques en mati\u00e8re de mobilisation autour des sujets soci\u00e9taux, \u00e0 m\u00eame d\u2019\u00eatre dupliqu\u00e9es sur d\u2019autres projets au niveau r\u00e9gional et national, a-t-il affirm\u00e9, ajoutant que ce projet a permis, entre autres, de renforcer les capacit\u00e9s des acteurs associatifs et \u00e9lus en vue d\u2019influencer les politiques publiques locales en mati\u00e8re d\u2019\u00e9galit\u00e9 hommes\/femmes dans les trois territoires cibl\u00e9s.<\/p>\n<p class=\"c4\">Financ\u00e9 par l\u2019UE \u00e0 hauteur de plus de 13 millions d\u2019euros pour la p\u00e9riode 2018-2020 et soutenant les initiatives de la soci\u00e9t\u00e9 civile dans les domaines de la jeunesse, de l\u2019\u00e9galit\u00e9 et de l\u2019environnement dans quatre r\u00e9gions (Casablanca-Settat, l\u2019Oriental, Souss-Massa et Tanger-T\u00e9touan-Al Hoceima), Moucharaka Mouwatina est men\u00e9 en partenariat avec le minist\u00e8re d\u00e9l\u00e9gu\u00e9 charg\u00e9 des Relations avec le parlement et la soci\u00e9t\u00e9 civile, le Conseil national des droits de l\u2019Homme (CNDH), l\u2019Institut national de formation aux droits humains (Institut Driss Ben Zekri) et l\u2019UNOPS.<\/p>\n<p>Auteur: Soufiane ELAHMAR<br \/>\n<a href=\"http:\/\/www.mapoujda.ma\/fr\/presentation-des-resultats-dun-projet-en-faveur-de-legalite-des-genres\/\">Cliquez ici pour lire l&rsquo;article depuis sa source.<\/a><\/p>\n","protected":false},"excerpt":{"rendered":"<p>Les r\u00e9sultats du projet \u00abJeunesse, volontariat, \u00e9galit\u00e9\u00bb, visant \u00e0 promouvoir l\u2019\u00e9galit\u00e9 des genres et la participation citoyenne des femmes, ont \u00e9t\u00e9 pr\u00e9sent\u00e9s lors d\u2019une conf\u00e9rence de presse tenue vendredi \u00e0 Oujda. Le projet, men\u00e9 par le Collectif marocain du volontariat et qui s\u2019ach\u00e8ve cette fin de semaine, a d\u00e9but\u00e9 en f\u00e9vrier 2020 et consiste en [&hellip;]<\/p>\n","protected":false},"author":1788,"featured_media":0,"comment_status":"closed","ping_status":"closed","sticky":false,"template":"","format":"standard","meta":{"fifu_image_url":"","fifu_image_alt":"","footnotes":""},"categories":[54,76],"tags":[],"class_list":["post-111663","post","type-post","status-publish","format-standard","hentry","category-maroc","category-regions"],"_links":{"self":[{"href":"https:\/\/linitiative.ca\/International\/wp-json\/wp\/v2\/posts\/111663","targetHints":{"allow":["GET"]}}],"collection":[{"href":"https:\/\/linitiative.ca\/International\/wp-json\/wp\/v2\/posts"}],"about":[{"href":"https:\/\/linitiative.ca\/International\/wp-json\/wp\/v2\/types\/post"}],"author":[{"embeddable":true,"href":"https:\/\/linitiative.ca\/International\/wp-json\/wp\/v2\/users\/1788"}],"replies":[{"embeddable":true,"href":"https:\/\/linitiative.ca\/International\/wp-json\/wp\/v2\/comments?post=111663"}],"version-history":[{"count":0,"href":"https:\/\/linitiative.ca\/International\/wp-json\/wp\/v2\/posts\/111663\/revisions"}],"wp:attachment":[{"href":"https:\/\/linitiative.ca\/International\/wp-json\/wp\/v2\/media?parent=111663"}],"wp:term":[{"taxonomy":"category","embeddable":true,"href":"https:\/\/linitiative.ca\/International\/wp-json\/wp\/v2\/categories?post=111663"},{"taxonomy":"post_tag","embeddable":true,"href":"https:\/\/linitiative.ca\/International\/wp-json\/wp\/v2\/tags?post=111663"}],"curies":[{"name":"wp","href":"https:\/\/api.w.org\/{rel}","templated":true}]}}