{"id":111664,"date":"2021-02-20T13:43:12","date_gmt":"2021-02-20T18:43:12","guid":{"rendered":"https:\/\/linitiative.ca\/International\/la-mobilisation-collective-defi-majeur-pour-reussir-la-reforme-du-systeme-educatif\/"},"modified":"2021-02-20T13:43:12","modified_gmt":"2021-02-20T18:43:12","slug":"la-mobilisation-collective-defi-majeur-pour-reussir-la-reforme-du-systeme-educatif","status":"publish","type":"post","link":"https:\/\/linitiative.ca\/International\/la-mobilisation-collective-defi-majeur-pour-reussir-la-reforme-du-systeme-educatif\/","title":{"rendered":"La mobilisation collective, d\u00e9fi majeur pour r\u00e9ussir la r\u00e9forme du syst\u00e8me \u00e9ducatif"},"content":{"rendered":"<p class=\"c4\">La mobilisation collective des diff\u00e9rents acteurs et partenaires aux niveaux r\u00e9gional, provincial et local, est un d\u00e9fi majeur \u00e0 relever aujourd\u2019hui pour r\u00e9ussir les projets strat\u00e9giques de la r\u00e9forme du syst\u00e8me de l\u2019\u00e9ducation et de la formation, a indiqu\u00e9, samedi \u00e0 B\u00e9ni Mellal, le ministre de l\u2019Education nationale, de la formation professionnelle, de l\u2019enseignement sup\u00e9rieur et de la recherche scientifique, Saaid Amzazi.<\/p>\n<p class=\"c4\">Ce d\u00e9fi requiert la cr\u00e9ation des conditions optimales \u00e0 la mise en oeuvre des projets strat\u00e9giques nationaux dans le domaine de l\u2019\u00e9ducation, \u00e0 leur t\u00eate la mobilisation collective des diff\u00e9rents acteurs et partenaires aux niveaux r\u00e9gional, provincial et local, en harmonie avec les dispositions de l\u2019article 6 de la loi-cadre 51-17 relative au syst\u00e8me de l\u2019\u00e9ducation, de la formation et de la recherche scientifique\u00a0qui fait de la r\u00e9alisation des objectifs de la r\u00e9forme une priorit\u00e9 nationale pressante et une responsabilit\u00e9 commune, a affirm\u00e9 M. Amzazi lors d\u2019une rencontre r\u00e9gionale de concertation avec les autorit\u00e9s locales autour des projets strat\u00e9giques en mati\u00e8re d\u2019\u00e9ducation.<\/p>\n<p class=\"c4\">Lors de cette rencontre \u00e0 laquelle a pris part le Conseiller de SM le Roi, Andr\u00e9 Azoulay, le ministre d\u00e9l\u00e9gu\u00e9 \u00e0 l\u2019enseignement sup\u00e9rieur et la recherche scientifique, Driss Ouaouicha, le Wali de la r\u00e9gion B\u00e9ni Mellal-Kh\u00e9nifra, Khatib El Hebil, les gouverneurs des provinces de la r\u00e9gion, M. Amzazi a soulign\u00e9 que cette r\u00e9union marque le lancement des rencontres r\u00e9gionales de concertation qui auront lieu dans les diff\u00e9rentes r\u00e9gions du Royaume, avec les autorit\u00e9s locales autour des projets strat\u00e9giques de la r\u00e9forme de l\u2019enseignement.<\/p>\n<p class=\"c4\">Cette rencontre rev\u00eat une importance particuli\u00e8re car elle constitue une occasion propice pour jeter les bases d\u2019une communication directe avec les acteurs et les partenaires locaux afin qu\u2019ils puissent s\u2019approprier d\u2019une mani\u00e8re collective les projets strat\u00e9giques, en pr\u00e9lude de la mobilisation collective tant voulue par tous, a-t-il expliqu\u00e9.<\/p>\n<p class=\"c4\">M. Amzazi a ajout\u00e9, lors de cette rencontre qui a connu la participation des pr\u00e9sidents des conseils provinciaux, le directeur de l\u2019acad\u00e9mie r\u00e9gionale de l\u2019\u00e9ducation et de la formation de la r\u00e9gion B\u00e9ni Mellal-Kh\u00e9nifra, que le minist\u00e8re s\u2019emploie \u00e0 mettre en oeuvre d\u2019une mani\u00e8re graduelle les dispositions de la loi-cadre, tout en renfor\u00e7ant la cadence des r\u00e9alisations au titre de l\u2019actuelle saison scolaire.<\/p>\n<p class=\"c4\">Le minist\u00e8re, a-t-il dit, a veill\u00e9 \u00e0 mettre en place les m\u00e9canismes institutionnels, les outils p\u00e9dagogiques et proc\u00e9duraux, et a pris les dispositions l\u00e9gislatives n\u00e9cessaires en vue de l\u2019application des grandes ambitions de la loi-cadre, en les d\u00e9clinant \u00e0 travers 19 projets strat\u00e9giques et un plan l\u00e9gislatif et organisationnel.<\/p>\n<p class=\"c4\">M. Amzazi a, en outre, fait savoir que le minist\u00e8re veille \u00e9galement \u00e0 int\u00e9grer les projets strat\u00e9giques nationaux au sein des plans d\u2019actions r\u00e9gionaux et \u00e0 mettre en place des outils de gestion \u00e0 m\u00eame de faciliter la conduite de ces projets au niveau des acad\u00e9mies r\u00e9gionales de l\u2019\u00e9ducation et de la formation, les universit\u00e9s et les \u00e9tablissements de formation professionnelle.<\/p>\n<p class=\"c4\">D\u2019autre part, le ministre a not\u00e9 que pour relever les diff\u00e9rents d\u00e9fis de la r\u00e9forme \u00e9ducative au niveau de la r\u00e9gion B\u00e9ni Mellal-Kh\u00e9nifra, il est n\u00e9cessaire de poursuivre la mobilisation collective locale, de d\u00e9velopper les m\u00e9canismes d\u2019intervention op\u00e9rationnelle, de renforcer les canaux de coordination, d\u2019assurer la convergence des diff\u00e9rents programmes du d\u00e9veloppement local avec les projets pr\u00e9vus dans le cadre de la mise en oeuvre de la loi-cadre, et de r\u00e9aliser un suivi pr\u00e9cis et r\u00e9gulier des chantiers ouverts.<\/p>\n<p class=\"c4\">Les perspectives qu\u2019ouvre la r\u00e9gionalisation avanc\u00e9e, outre le sens \u00e9lev\u00e9 de responsabilit\u00e9, les comp\u00e9tences et l\u2019exp\u00e9rience pratique des cadres et partenaires au niveau de la r\u00e9gion sont autant de facteurs de soutien \u00e0 ce grand chantier national, vital et crucial qui jouit de toute l\u2019attention du gouvernement et sur lequel repose la r\u00e9alisation des objectifs du d\u00e9veloppement \u00e9conomique et humain int\u00e9gr\u00e9 et \u00e9quilibr\u00e9, a conclu le ministre.<\/p>\n<p>Auteur: Soufiane ELAHMAR<br \/>\n<a href=\"http:\/\/www.mapoujda.ma\/fr\/la-mobilisation-collective-defi-majeur-pour-reussir-la-reforme-du-systeme-educatif\/\">Cliquez ici pour lire l&rsquo;article depuis sa source.<\/a><\/p>\n","protected":false},"excerpt":{"rendered":"<p>La mobilisation collective des diff\u00e9rents acteurs et partenaires aux niveaux r\u00e9gional, provincial et local, est un d\u00e9fi majeur \u00e0 relever aujourd\u2019hui pour r\u00e9ussir les projets strat\u00e9giques de la r\u00e9forme du syst\u00e8me de l\u2019\u00e9ducation et de la formation, a indiqu\u00e9, samedi \u00e0 B\u00e9ni Mellal, le ministre de l\u2019Education nationale, de la formation professionnelle, de l\u2019enseignement sup\u00e9rieur [&hellip;]<\/p>\n","protected":false},"author":1788,"featured_media":0,"comment_status":"closed","ping_status":"closed","sticky":false,"template":"","format":"standard","meta":{"fifu_image_url":"","fifu_image_alt":"","footnotes":""},"categories":[54,76],"tags":[],"class_list":["post-111664","post","type-post","status-publish","format-standard","hentry","category-maroc","category-regions"],"_links":{"self":[{"href":"https:\/\/linitiative.ca\/International\/wp-json\/wp\/v2\/posts\/111664","targetHints":{"allow":["GET"]}}],"collection":[{"href":"https:\/\/linitiative.ca\/International\/wp-json\/wp\/v2\/posts"}],"about":[{"href":"https:\/\/linitiative.ca\/International\/wp-json\/wp\/v2\/types\/post"}],"author":[{"embeddable":true,"href":"https:\/\/linitiative.ca\/International\/wp-json\/wp\/v2\/users\/1788"}],"replies":[{"embeddable":true,"href":"https:\/\/linitiative.ca\/International\/wp-json\/wp\/v2\/comments?post=111664"}],"version-history":[{"count":0,"href":"https:\/\/linitiative.ca\/International\/wp-json\/wp\/v2\/posts\/111664\/revisions"}],"wp:attachment":[{"href":"https:\/\/linitiative.ca\/International\/wp-json\/wp\/v2\/media?parent=111664"}],"wp:term":[{"taxonomy":"category","embeddable":true,"href":"https:\/\/linitiative.ca\/International\/wp-json\/wp\/v2\/categories?post=111664"},{"taxonomy":"post_tag","embeddable":true,"href":"https:\/\/linitiative.ca\/International\/wp-json\/wp\/v2\/tags?post=111664"}],"curies":[{"name":"wp","href":"https:\/\/api.w.org\/{rel}","templated":true}]}}