{"id":111667,"date":"2021-02-20T10:04:36","date_gmt":"2021-02-20T15:04:36","guid":{"rendered":"https:\/\/linitiative.ca\/International\/el-otmani-recoit-le-president-du-cese\/"},"modified":"2021-02-20T10:04:36","modified_gmt":"2021-02-20T15:04:36","slug":"el-otmani-recoit-le-president-du-cese","status":"publish","type":"post","link":"https:\/\/linitiative.ca\/International\/el-otmani-recoit-le-president-du-cese\/","title":{"rendered":"El Otmani re\u00e7oit le pr\u00e9sident du CESE"},"content":{"rendered":"<p>Le Chef du gouvernement, Saad Dine El Otmani, a re\u00e7u, vendredi \u00e0 Rabat, le pr\u00e9sident du Conseil \u00e9conomique, social et environnemental (CESE), Ahmed Reda Chami, qui lui a remis les synth\u00e8ses et les recommandations du Conseil r\u00e9alis\u00e9es dans le cadre d&rsquo;une autosaisine, sous le th\u00e8me \u00ab\u00a0La sant\u00e9 et la s\u00e9curit\u00e9 dans le domaine du travail\u00a0\u00bb.<\/p>\n<p>A cette occasion, El Otmani a salu\u00e9 cette initiative qui concr\u00e9tise le principe de la coop\u00e9ration n\u00e9cessaire et continue entre le gouvernement et les diff\u00e9rentes institutions constitutionnelles, notamment le CESE qui joue des r\u00f4les importants dans les diff\u00e9rents chantiers structurants et d\u00e9cisifs pour l&rsquo;avenir du pays. Le Chef du gouvernement a \u00e9galement mis l&rsquo;accent sur le souci du gouvernement d&rsquo;accorder un int\u00e9r\u00eat particulier aux rapports \u00e9mis par les institutions constitutionnelles et de veiller, autant que possible, \u00e0 prendre en consid\u00e9ration leurs contenus dans le cadre des politiques publiques.<\/p>\n<p>Dans un avis formul\u00e9 dans un cadre participatif au titre de son plan d\u2019action 2020, le CESE dresse les points forts et les points faibles du domaine de la sant\u00e9 et la s\u00e9curit\u00e9 au travail au niveau des secteurs public et priv\u00e9. Il livre aussi plusieurs recommandations visant \u00e0 promouvoir le syst\u00e8me national dans ce domaine et \u00e0 faire face aux accidents du travail et aux maladies professionnelles dans le cadre d\u2019une approche englobant les aspects ayant trait entre autres \u00e0 la gouvernance, la l\u00e9gislation, la sensibilisation, la formation et la recherche scientifique.<\/p>\n<p>Les conclusions des avis et les recommandations du Conseil aideront les secteurs gouvernementaux concern\u00e9s \u00e0 \u00e9laborer et d\u00e9velopper la politique nationale dans le domaine de la sant\u00e9 et de la s\u00e9curit\u00e9 au travail.<\/p>\n<p>Auteur: mbasraoui<br \/>\n<a href=\"https:\/\/www.leconomiste.com\/flash-infos\/el-otmani-recoit-le-president-du-cese\">Cliquez ici pour lire l&rsquo;article depuis sa source.<\/a><\/p>\n","protected":false},"excerpt":{"rendered":"<p>Le Chef du gouvernement, Saad Dine El Otmani, a re\u00e7u, vendredi \u00e0 Rabat, le pr\u00e9sident du Conseil \u00e9conomique, social et environnemental (CESE), Ahmed Reda Chami, qui lui a remis les synth\u00e8ses et les recommandations du Conseil r\u00e9alis\u00e9es dans le cadre d&rsquo;une autosaisine, sous le th\u00e8me \u00ab\u00a0La sant\u00e9 et la s\u00e9curit\u00e9 dans le domaine du travail\u00a0\u00bb. [&hellip;]<\/p>\n","protected":false},"author":1763,"featured_media":0,"comment_status":"closed","ping_status":"closed","sticky":false,"template":"","format":"standard","meta":{"fifu_image_url":"","fifu_image_alt":"","footnotes":""},"categories":[78,54],"tags":[],"class_list":["post-111667","post","type-post","status-publish","format-standard","hentry","category-economie","category-maroc"],"_links":{"self":[{"href":"https:\/\/linitiative.ca\/International\/wp-json\/wp\/v2\/posts\/111667","targetHints":{"allow":["GET"]}}],"collection":[{"href":"https:\/\/linitiative.ca\/International\/wp-json\/wp\/v2\/posts"}],"about":[{"href":"https:\/\/linitiative.ca\/International\/wp-json\/wp\/v2\/types\/post"}],"author":[{"embeddable":true,"href":"https:\/\/linitiative.ca\/International\/wp-json\/wp\/v2\/users\/1763"}],"replies":[{"embeddable":true,"href":"https:\/\/linitiative.ca\/International\/wp-json\/wp\/v2\/comments?post=111667"}],"version-history":[{"count":0,"href":"https:\/\/linitiative.ca\/International\/wp-json\/wp\/v2\/posts\/111667\/revisions"}],"wp:attachment":[{"href":"https:\/\/linitiative.ca\/International\/wp-json\/wp\/v2\/media?parent=111667"}],"wp:term":[{"taxonomy":"category","embeddable":true,"href":"https:\/\/linitiative.ca\/International\/wp-json\/wp\/v2\/categories?post=111667"},{"taxonomy":"post_tag","embeddable":true,"href":"https:\/\/linitiative.ca\/International\/wp-json\/wp\/v2\/tags?post=111667"}],"curies":[{"name":"wp","href":"https:\/\/api.w.org\/{rel}","templated":true}]}}