{"id":111671,"date":"2021-02-20T10:30:00","date_gmt":"2021-02-20T15:30:00","guid":{"rendered":"https:\/\/linitiative.ca\/International\/le-covid-leconomie-et-la-chine-au-menu\/"},"modified":"2021-02-20T10:30:00","modified_gmt":"2021-02-20T15:30:00","slug":"le-covid-leconomie-et-la-chine-au-menu","status":"publish","type":"post","link":"https:\/\/linitiative.ca\/International\/le-covid-leconomie-et-la-chine-au-menu\/","title":{"rendered":"Le COVID, l&rsquo;\u00e9conomie et la Chine au menu"},"content":{"rendered":"<p class=\"p1 c3\"><span class=\"c2\"><strong>Le Temps- Agences- Joe Biden aurait pris part hier \u00e0 sa premi\u00e8re r\u00e9union du G7 en tant que pr\u00e9sident des Etats-Unis dans le cadre d&rsquo;une conf\u00e9rence virtuelle au cours de laquelle les dirigeants des grandes puissances mondiales allaient s&rsquo;atteler aux solutions contre la crise sanitaire, \u00e0 la relance de l&rsquo;\u00e9conomie et aux probl\u00e8mes pos\u00e9s par la Chine.<\/strong><\/span><\/p>\n<p class=\"p1 c4\"><span class=\"c2\">Depuis qu&rsquo;elle s&rsquo;est r\u00e9pandue d\u00e9but 2020 \u00e0 travers le monde, la pand\u00e9mie due au nouveau coronavirus a tu\u00e9 2,4 millions de personnes, fait plonger l&rsquo;\u00e9conomie mondiale dans une r\u00e9cession in\u00e9dite depuis la Seconde Guerre mondiale et boulevers\u00e9 le quotidien de milliards de personnes, alors m\u00eame que l&rsquo;Occident se bat contre l&rsquo;influence grandissante de la Chine.<\/span><\/p>\n<p class=\"p1 c4\"><span class=\"c2\">Joe Biden, entr\u00e9 en fonction le 20 janvier, va se focaliser sur \u00ab\u00a0la r\u00e9ponse mondiale contre la pand\u00e9mie, dont la production de vaccins, la distribution de produits\u00a0\u00bb et les efforts pour combattre les infections \u00e9mergentes, a d\u00e9clar\u00e9 la porte-parole de la Maison blanche, Jen Psaki.<\/span><\/p>\n<p class=\"p1 c4\"><span class=\"c2\">Le pr\u00e9sident am\u00e9ricain va aussi discuter \u00ab\u00a0du r\u00e9tablissement de l&rsquo;\u00e9conomie mondiale, dont l&rsquo;importance que tous les pays industrialis\u00e9s maintiennent un soutien \u00e9conomique\u00a0\u00bb, a-t-elle dit. Elle a ajout\u00e9 que sera par ailleurs \u00e9voqu\u00e9e l'\u00a0\u00bbimportance de revoir les r\u00f4les mondiaux pour lutter contre les d\u00e9fis \u00e9conomiques comme ceux pos\u00e9s par la Chine\u00a0\u00bb.<\/span><\/p>\n<p class=\"p1 c4\"><span class=\"c2\">Outre le chef de la Maison blanche, un autre nouveau visage sera pr\u00e9sent \u00e0 la table virtuelle du G7: le pr\u00e9sident du Conseil italien, Mario Draghi, dont l&rsquo;action \u00e0 la t\u00eate de la Banque centrale europ\u00e9enne (BCE) a forg\u00e9 sa r\u00e9putation.<\/span><\/p>\n<p class=\"p1 c4\"><span class=\"c2\">La Grande-Bretagne, qui occupe la pr\u00e9sidence tournante du G7 et tente de se replacer comme cheffe de file du syst\u00e8me international depuis le Brexit, compte demander aux pays membres d&rsquo;accro\u00eetre leurs efforts afin de favoriser le d\u00e9veloppement sous 100 jours de futurs vaccins contre le COVID-19.<\/span><\/p>\n<p class=\"p1 c4\"><span class=\"c2\">Le Royaume-Uni s&rsquo;est engag\u00e9 \u00e0 transf\u00e9rer dans le courant de l&rsquo;ann\u00e9e la majorit\u00e9 de ses doses de vaccin non utilis\u00e9es au programme COVAX et a demand\u00e9 aux membres du G7 d&rsquo;en faire de m\u00eame, a d\u00e9clar\u00e9 dans un communiqu\u00e9 le Premier ministre britannique Boris Johnson. Londres s&rsquo;est en outre engag\u00e9 \u00e0 contribuer \u00e0 hauteur de 548 millions de livres (632 millions d&rsquo;euros) \u00e0 COVAX.<\/span><\/p>\n<p class=\"p2 c5\">\u00a0<\/p>\n<p class=\"p1 c4\"><span class=\"c2\">L&rsquo;influence grandissante de la Chine<\/span><\/p>\n<p class=\"p1 c4\"><span class=\"c2\">La Chine sera aussi au c\u0153ur des discussions, alors que Joe Biden l&rsquo;a qualifi\u00e9e de \u00ab\u00a0plus s\u00e9rieux rival\u00a0\u00bb des Etats-Unis et a dit vouloir lutter contre les \u00ab\u00a0abus\u00a0\u00bb de P\u00e9kin.<\/span><\/p>\n<p class=\"p1 c4\"><span class=\"c2\">Un haut responsable de l&rsquo;administration am\u00e9ricaine a cependant d\u00e9clar\u00e9 hier que Washington ne cherchait pas \u00e0 entrer dans une \u00ab\u00a0nouvelle guerre froide\u00a0\u00bb contre la Chine, mais \u00e0 rallier les r\u00e9gimes d\u00e9mocratiques dans le monde et ses partenaires europ\u00e9ens pour qu&rsquo;ils travaillent ensemble afin de r\u00e9pondre aux inqui\u00e9tudes pos\u00e9es par la Chine.<\/span><\/p>\n<p class=\"p1 c4\"><span class=\"c2\">\u00ab\u00a0Nous ferons face aux abus \u00e9conomiques de la Chine; contrerons son agressivit\u00e9 et ses mesures coercitives; repousserons les attaques de la Chine contre les droits de l&rsquo;homme, la propri\u00e9t\u00e9 intellectuelle et la gouvernance mondiale\u00a0\u00bb, a d\u00e9clar\u00e9 Joe Biden le 4 f\u00e9vrier.<\/span><\/p>\n<p class=\"p1 c3\">\u00a0<\/p>\n<p class=\"p1 c4\"><span class=\"c2\">La secr\u00e9taire am\u00e9ricaine au Tr\u00e9sor, Janet Yellen, a dit pour sa part que les Etats-Unis allaient maintenir pour le moment les taxes impos\u00e9es sur des milliards de dollars de produits chinois par l&rsquo;administration de l&rsquo;ancien pr\u00e9sident Donald Trump.<\/span><\/p>\n<p>Auteur: letemps1<br \/>\n<a href=\"http:\/\/www.letemps.com.tn\/article\/119367\/le-covid-l%C3%A9conomie-et-la-chine-au-menu\">Cliquez ici pour lire l&rsquo;article depuis sa source.<\/a><\/p>\n","protected":false},"excerpt":{"rendered":"<p>Le Temps- Agences- Joe Biden aurait pris part hier \u00e0 sa premi\u00e8re r\u00e9union du G7 en tant que pr\u00e9sident des Etats-Unis dans le cadre d&rsquo;une conf\u00e9rence virtuelle au cours de laquelle les dirigeants des grandes puissances mondiales allaient s&rsquo;atteler aux solutions contre la crise sanitaire, \u00e0 la relance de l&rsquo;\u00e9conomie et aux probl\u00e8mes pos\u00e9s par [&hellip;]<\/p>\n","protected":false},"author":1773,"featured_media":0,"comment_status":"closed","ping_status":"closed","sticky":false,"template":"","format":"standard","meta":{"fifu_image_url":"","fifu_image_alt":"","footnotes":""},"categories":[73,55],"tags":[],"class_list":["post-111671","post","type-post","status-publish","format-standard","hentry","category-actualite","category-tunisie"],"_links":{"self":[{"href":"https:\/\/linitiative.ca\/International\/wp-json\/wp\/v2\/posts\/111671","targetHints":{"allow":["GET"]}}],"collection":[{"href":"https:\/\/linitiative.ca\/International\/wp-json\/wp\/v2\/posts"}],"about":[{"href":"https:\/\/linitiative.ca\/International\/wp-json\/wp\/v2\/types\/post"}],"author":[{"embeddable":true,"href":"https:\/\/linitiative.ca\/International\/wp-json\/wp\/v2\/users\/1773"}],"replies":[{"embeddable":true,"href":"https:\/\/linitiative.ca\/International\/wp-json\/wp\/v2\/comments?post=111671"}],"version-history":[{"count":0,"href":"https:\/\/linitiative.ca\/International\/wp-json\/wp\/v2\/posts\/111671\/revisions"}],"wp:attachment":[{"href":"https:\/\/linitiative.ca\/International\/wp-json\/wp\/v2\/media?parent=111671"}],"wp:term":[{"taxonomy":"category","embeddable":true,"href":"https:\/\/linitiative.ca\/International\/wp-json\/wp\/v2\/categories?post=111671"},{"taxonomy":"post_tag","embeddable":true,"href":"https:\/\/linitiative.ca\/International\/wp-json\/wp\/v2\/tags?post=111671"}],"curies":[{"name":"wp","href":"https:\/\/api.w.org\/{rel}","templated":true}]}}