{"id":111673,"date":"2021-02-20T10:30:00","date_gmt":"2021-02-20T15:30:00","guid":{"rendered":"https:\/\/linitiative.ca\/International\/a-23-ans-kyril-louis-dreyfus-le-plus-jeune-president-de-club\/"},"modified":"2021-02-20T10:30:00","modified_gmt":"2021-02-20T15:30:00","slug":"a-23-ans-kyril-louis-dreyfus-le-plus-jeune-president-de-club","status":"publish","type":"post","link":"https:\/\/linitiative.ca\/International\/a-23-ans-kyril-louis-dreyfus-le-plus-jeune-president-de-club\/","title":{"rendered":"A 23 ans, Kyril Louis-Dreyfus, le plus jeune pr\u00e9sident de club !"},"content":{"rendered":"<p class=\"p1 c3\"><span class=\"c2\">Kyril Louis-Dreyfus, le fils de l\u2019ancien propri\u00e9taire de l\u2019Olympique de Marseille, est devenu jeudi, \u00e0 23 ans, le plus jeune pr\u00e9sident d\u2019un club de football anglais en compl\u00e9tant le rachat de Sunderland qui joue en troisi\u00e8me division.<\/span><\/p>\n<p class=\"p1 c3\"><span class=\"c2\">La transaction a \u00e9t\u00e9 finalis\u00e9e apr\u00e8s l\u2019accord de l\u2019English Football League (EFL), qui g\u00e8re les championnats professionnels des divisions inf\u00e9rieures \u00e0 la Premier League.<\/span><\/p>\n<p class=\"p1 c3\"><span class=\"c2\">Le fils de Robert Louis-Dreyfus avait entam\u00e9 sa prise de contr\u00f4le en d\u00e9cembre. Il a fait sa premi\u00e8re apparition publique depuis l\u2019annonce du rachat, la veille de No\u00ebl, la semaine derni\u00e8re lors de la d\u00e9faite 2-1 contre Shrewsbury. \u00abJe suis fier de devenir un gardien de cette institution tr\u00e8s estim\u00e9e mais je suis conscient des responsabilit\u00e9s importantes que cela repr\u00e9sente\u00bb, a-t-il affirm\u00e9, en se disant confiant de pouvoir \u00abmettre en place des fondations solides pour apporter au club des succ\u00e8s \u00e0 long terme\u00bb.<\/span><\/p>\n<p>Auteur: letemps1<br \/>\n<a href=\"http:\/\/www.letemps.com.tn\/article\/119369\/23-ans-kyril-louis-dreyfus-le-plus-jeune-pr%C3%A9sident-de-club\">Cliquez ici pour lire l&rsquo;article depuis sa source.<\/a><\/p>\n","protected":false},"excerpt":{"rendered":"<p>Kyril Louis-Dreyfus, le fils de l\u2019ancien propri\u00e9taire de l\u2019Olympique de Marseille, est devenu jeudi, \u00e0 23 ans, le plus jeune pr\u00e9sident d\u2019un club de football anglais en compl\u00e9tant le rachat de Sunderland qui joue en troisi\u00e8me division. La transaction a \u00e9t\u00e9 finalis\u00e9e apr\u00e8s l\u2019accord de l\u2019English Football League (EFL), qui g\u00e8re les championnats professionnels des [&hellip;]<\/p>\n","protected":false},"author":1773,"featured_media":0,"comment_status":"closed","ping_status":"closed","sticky":false,"template":"","format":"standard","meta":{"fifu_image_url":"","fifu_image_alt":"","footnotes":""},"categories":[73,55],"tags":[],"class_list":["post-111673","post","type-post","status-publish","format-standard","hentry","category-actualite","category-tunisie"],"_links":{"self":[{"href":"https:\/\/linitiative.ca\/International\/wp-json\/wp\/v2\/posts\/111673","targetHints":{"allow":["GET"]}}],"collection":[{"href":"https:\/\/linitiative.ca\/International\/wp-json\/wp\/v2\/posts"}],"about":[{"href":"https:\/\/linitiative.ca\/International\/wp-json\/wp\/v2\/types\/post"}],"author":[{"embeddable":true,"href":"https:\/\/linitiative.ca\/International\/wp-json\/wp\/v2\/users\/1773"}],"replies":[{"embeddable":true,"href":"https:\/\/linitiative.ca\/International\/wp-json\/wp\/v2\/comments?post=111673"}],"version-history":[{"count":0,"href":"https:\/\/linitiative.ca\/International\/wp-json\/wp\/v2\/posts\/111673\/revisions"}],"wp:attachment":[{"href":"https:\/\/linitiative.ca\/International\/wp-json\/wp\/v2\/media?parent=111673"}],"wp:term":[{"taxonomy":"category","embeddable":true,"href":"https:\/\/linitiative.ca\/International\/wp-json\/wp\/v2\/categories?post=111673"},{"taxonomy":"post_tag","embeddable":true,"href":"https:\/\/linitiative.ca\/International\/wp-json\/wp\/v2\/tags?post=111673"}],"curies":[{"name":"wp","href":"https:\/\/api.w.org\/{rel}","templated":true}]}}