{"id":111675,"date":"2021-02-20T10:33:00","date_gmt":"2021-02-20T15:33:00","guid":{"rendered":"https:\/\/linitiative.ca\/International\/le-president-de-la-fifa-en-tournee-en-afrique\/"},"modified":"2021-02-20T10:33:00","modified_gmt":"2021-02-20T15:33:00","slug":"le-president-de-la-fifa-en-tournee-en-afrique","status":"publish","type":"post","link":"https:\/\/linitiative.ca\/International\/le-president-de-la-fifa-en-tournee-en-afrique\/","title":{"rendered":"Le pr\u00e9sident de la FIFA en tourn\u00e9e en Afrique"},"content":{"rendered":"<p class=\"p1 c3\"><span class=\"c2\">Le pr\u00e9sident de la FIFA, Gianni Infantino a entam\u00e9, mardi, une tourn\u00e9e en Afrique, avec une premi\u00e8re \u00e9tape en Mauritanie qui accueille actuellement la CAN (U17) suivie d\u203aune escale de quelques heures au S\u00e9n\u00e9gal, \u00e0 quelques semaines des \u00e9lections de la Conf\u00e9d\u00e9ration africaine de football pr\u00e9vues le 12 mars prochain au Maroc.<\/span><\/p>\n<p class=\"p1 c3\"><span class=\"c2\">Lors de sa br\u00e8ve visite au S\u00e9n\u00e9gal, Infantino a \u00e9t\u00e9 re\u00e7u par le pr\u00e9sident s\u00e9n\u00e9galais MackySall o\u00f9 les \u00e9changes ont port\u00e9 sur le d\u00e9veloppement du football sur le continent et sur la fa\u00e7on dont la FIFA peut aider les associations membres africaines \u00e0 atteindre le plus haut niveau sur la sc\u00e8ne internationale.<\/span><\/p>\n<p class=\"p1 c3\"><span class=\"c2\">Les discussions ont aussi port\u00e9 sur l\u2019organisation au S\u00e9n\u00e9gal des Jeux olympiques de la jeunesse 2026, premier \u00e9v\u00e9nement olympique de l\u2019histoire \u00e0 se disputer en Afrique, et sur l\u2019inauguration du nouveau stade de Dakar, pr\u00e9vue pour 2022.<\/span><\/p>\n<p class=\"p1 c3\"><span class=\"c2\">Le premier responsable de la FIFA a \u00e9voqu\u00e9 aussi la date du 12 mars qui co\u00efncide avec le renouvellement des structures de la Conf\u00e9d\u00e9ration africaine de football (CAF). \u00ab Ce n\u2019est pas uniquement la pr\u00e9sidence (de la CAF) qui sera en jeu le 12 mars, mais aussi l\u2019\u00e9lection des membres africains \u00e0 la Fifa et les membres du comit\u00e9 ex\u00e9cutif , c\u2019est tr\u00e8s important\u00bb, a-t-il relev\u00e9.<\/span><\/p>\n<p class=\"p1 c3\"><span class=\"c2\">Avant le S\u00e9n\u00e9gal, le pr\u00e9sident de la FIFA s\u2019\u00e9tait rendu, mardi en Mauritanie, comme une premi\u00e8re \u00e9tape de sa tourn\u00e9e africaine.<\/span><\/p>\n<p class=\"p1 c3\"><span class=\"c2\">Accueilli par le pr\u00e9sident de la f\u00e9d\u00e9ration mauritanienne de football Ahmed Yaya, candidat \u00e0 la pr\u00e9sidence de la CAF, il s\u2019est entretenu avant son d\u00e9part avec le chef de l\u2019\u00e9tat mauritanien.<\/span><\/p>\n<p class=\"p1 c3\"><span class=\"c2\">\u00ab La conversation que j\u2019ai pu avoir avec le pr\u00e9sident Mohamed Cheikh El Ghazouani s\u2019est r\u00e9v\u00e9l\u00e9e tr\u00e8s positive. Son soutien au d\u00e9veloppement du football non seulement en Mauritanie, mais aussi dans l\u2019ensemble du Sahel, est une excellente nouvelle\u00bb, a indiqu\u00e9 Gianni Infantino, qui s\u2019\u00e9tait rendu d\u00e8s son arriv\u00e9e, au stade Cheikh Ould Bo\u00efdiya, enti\u00e8rement r\u00e9nov\u00e9 gr\u00e2ce au financement du programme Forward de la FIFA.<\/span><\/p>\n<p class=\"p1 c3\"><span class=\"c2\">En revanche, la visite du pr\u00e9sident de la FIFA en Alg\u00e9rie, pr\u00e9vue les 21 et 22 f\u00e9vrier, est report\u00e9e \u00e0 une date ult\u00e9rieure, pour \u00abdes raisons de contingences particuli\u00e8res\u00bb, avait indiqu\u00e9 la f\u00e9d\u00e9ration alg\u00e9rienne de football (FAF).<\/span><\/p>\n<p class=\"p1 c3\"><span class=\"c2\">La tourn\u00e9e africaine de Gianni Infantino s\u2019inscrit dans le cadre du \u00abrapprochement avec les associations membres et \u00e9changer avec les officiels du football continental sur la promotion des valeurs et le d\u00e9veloppement du sport-roi.<\/span><\/p>\n<p>Auteur: letemps1<br \/>\n<a href=\"http:\/\/www.letemps.com.tn\/article\/119371\/le-pr%C3%A9sident-de-la-fifa-en-tourn%C3%A9e-en-afrique\">Cliquez ici pour lire l&rsquo;article depuis sa source.<\/a><\/p>\n","protected":false},"excerpt":{"rendered":"<p>Le pr\u00e9sident de la FIFA, Gianni Infantino a entam\u00e9, mardi, une tourn\u00e9e en Afrique, avec une premi\u00e8re \u00e9tape en Mauritanie qui accueille actuellement la CAN (U17) suivie d\u203aune escale de quelques heures au S\u00e9n\u00e9gal, \u00e0 quelques semaines des \u00e9lections de la Conf\u00e9d\u00e9ration africaine de football pr\u00e9vues le 12 mars prochain au Maroc. Lors de sa [&hellip;]<\/p>\n","protected":false},"author":1773,"featured_media":0,"comment_status":"closed","ping_status":"closed","sticky":false,"template":"","format":"standard","meta":{"fifu_image_url":"","fifu_image_alt":"","footnotes":""},"categories":[73,55],"tags":[],"class_list":["post-111675","post","type-post","status-publish","format-standard","hentry","category-actualite","category-tunisie"],"_links":{"self":[{"href":"https:\/\/linitiative.ca\/International\/wp-json\/wp\/v2\/posts\/111675","targetHints":{"allow":["GET"]}}],"collection":[{"href":"https:\/\/linitiative.ca\/International\/wp-json\/wp\/v2\/posts"}],"about":[{"href":"https:\/\/linitiative.ca\/International\/wp-json\/wp\/v2\/types\/post"}],"author":[{"embeddable":true,"href":"https:\/\/linitiative.ca\/International\/wp-json\/wp\/v2\/users\/1773"}],"replies":[{"embeddable":true,"href":"https:\/\/linitiative.ca\/International\/wp-json\/wp\/v2\/comments?post=111675"}],"version-history":[{"count":0,"href":"https:\/\/linitiative.ca\/International\/wp-json\/wp\/v2\/posts\/111675\/revisions"}],"wp:attachment":[{"href":"https:\/\/linitiative.ca\/International\/wp-json\/wp\/v2\/media?parent=111675"}],"wp:term":[{"taxonomy":"category","embeddable":true,"href":"https:\/\/linitiative.ca\/International\/wp-json\/wp\/v2\/categories?post=111675"},{"taxonomy":"post_tag","embeddable":true,"href":"https:\/\/linitiative.ca\/International\/wp-json\/wp\/v2\/tags?post=111675"}],"curies":[{"name":"wp","href":"https:\/\/api.w.org\/{rel}","templated":true}]}}