{"id":111676,"date":"2021-02-20T15:14:03","date_gmt":"2021-02-20T20:14:03","guid":{"rendered":"https:\/\/linitiative.ca\/International\/international-shaw-amad-diallo-me-rappelle-mahrez\/"},"modified":"2021-02-20T15:14:03","modified_gmt":"2021-02-20T20:14:03","slug":"international-shaw-amad-diallo-me-rappelle-mahrez","status":"publish","type":"post","link":"https:\/\/linitiative.ca\/International\/international-shaw-amad-diallo-me-rappelle-mahrez\/","title":{"rendered":"International : Shaw: \u00ab\u00a0Amad Diallo me rappelle Mahrez\u00a0\u00bb"},"content":{"rendered":"<div readability=\"32\">\n<p>Auteur : <span class=\"time\">samedi 20 f\u00e9vrier 2021 14:27<\/span><\/p>\n<\/div>\n<div id=\"post_core\" readability=\"59\">\n<p>Amad Diallo rappelle \u00e0 Luke Shaw le cas de Riyad Mahrez, le d\u00e9fenseur de Manchester United d\u00e9clarant qu&rsquo;il se r\u00e9jouit de voir son co\u00e9quipier en action le plus t\u00f4t possible. Le jeune homme de 18 ans a officiellement quitt\u00e9 Atalanta pour s&rsquo;installer \u00e0 Old Trafford le mois dernier, apr\u00e8s avoir conclu un accord de principe l&rsquo;automne dernier, en tant que jeune recrue cl\u00e9 pour l&rsquo;\u00e9quipe d&rsquo;Ole Gunnar Solskjaer. Il a fait ses d\u00e9buts chez les seniors cette semaine en tant que rempla\u00e7ant en seconde mi-temps contre la Real Sociedad en Europa League et Shaw a fait part de son espoir de voir l&rsquo;ailier jouer davantage \u00e0 l&rsquo;avenir, notamment en le comparant avec un rival de Premier League: \u00ab\u00a0C&rsquo;\u00e9tait int\u00e9ressant parce que Harry [Maguire] m&rsquo;a dit l&rsquo;autre jour qu&rsquo;il lui rappelait Mahrez, lorsqu&rsquo;il \u00e9tait \u00e0 Leicester\u00a0\u00bb, a d\u00e9clar\u00e9 le lat\u00e9ral gauche \u00e0 Sky Sports News . \u00ab\u00a0Il est tr\u00e8s rapide, habile, il a de l&rsquo;agilit\u00e9, il peut tourner, il a de grandes qualit\u00e9s. Je suis probablement d&rsquo;accord avec Harry, il me rappelle Mahrez, m\u00eame la fa\u00e7on dont il joue maintenant. \u00ab\u00a0J&rsquo;ai vu le genre de qualit\u00e9s qu&rsquo;il a, qu&rsquo;il a montr\u00e9es \u00e0 l&rsquo;entra\u00eenement. Mahrez est un joueur de qualit\u00e9, alors j&rsquo;esp\u00e8re que s&rsquo;il est aussi bon que lui, ce sera formidable pour United.\u00a0\u00bb Apr\u00e8s une courte entr\u00e9e en jeu contre la Sociedad, les attentes se tournent vers Diallo pour savoir quand il sera titularis\u00e9 avec l&rsquo;\u00e9quipe d&rsquo;Ole Gunnar Solskjaer. Shaw a ouvert l&rsquo;app\u00e9tit en faisant l&rsquo;\u00e9loge du milieu de terrain originaire de la C\u00f4te d&rsquo;Ivoire. \u00ab\u00a0Il est encore si jeune, mais il vient \u00e0 l&rsquo;entra\u00eenement et on peut dire qu&rsquo;il a confiance en lui, a-t-il ajout\u00e9. On peut le voir \u00e0 sa fa\u00e7on de jouer ; son premier contact est brillant, sa fa\u00e7on de prendre le ballon, de diriger les joueurs, il est tr\u00e8s habile. \u00ab\u00a0Bien s\u00fbr, il a encore un long chemin \u00e0 parcourir, mais on peut d\u00e9j\u00e0 dire qu&rsquo;il en sera un bon joueur pour l&rsquo;avenir. Je suis s\u00fbr qu&rsquo;il n&rsquo;est pas loin de faire partie de l&rsquo;\u00e9quipe premi\u00e8re, mais c&rsquo;est un talent et un joueur merveilleux. Je suis s\u00fbr que les fans sont impatients de le voir bient\u00f4t sur le terrain.\u00a0\u00bbrapporte Goal.<\/p>\n<p><strong>Publi\u00e9 dans :<\/strong> <span>Mahrez<\/span><\/p>\n<\/div>\n<p>Auteur:<br \/>\n<a href=\"http:\/\/www.lebuteur.com\/article\/detail?titre=shaw-amad-diallo-me-rappelle-mahrez&#038;id=99138&#038;utm_source=feedburner&#038;utm_medium=feed&#038;utm_campaign=Feed%3A+GalerieFArtciles+%28Les+derniers+articles++-+lebuteur.com%29\">Cliquez ici pour lire l&rsquo;article depuis sa source.<\/a><\/p>\n","protected":false},"excerpt":{"rendered":"<p>Auteur : samedi 20 f\u00e9vrier 2021 14:27 Amad Diallo rappelle \u00e0 Luke Shaw le cas de Riyad Mahrez, le d\u00e9fenseur de Manchester United d\u00e9clarant qu&rsquo;il se r\u00e9jouit de voir son co\u00e9quipier en action le plus t\u00f4t possible. Le jeune homme de 18 ans a officiellement quitt\u00e9 Atalanta pour s&rsquo;installer \u00e0 Old Trafford le mois dernier, [&hellip;]<\/p>\n","protected":false},"author":1738,"featured_media":0,"comment_status":"closed","ping_status":"closed","sticky":false,"template":"","format":"standard","meta":{"fifu_image_url":"\/\/cdn.lebuteur.com\/data\/images\/article\/thumbs\/large-shaw-amad-diallo-me-rappelle-mahrez-a2eef.jpg","fifu_image_alt":"International : Shaw: \"Amad Diallo me rappelle Mahrez\"","footnotes":""},"categories":[53,75],"tags":[],"class_list":["post-111676","post","type-post","status-publish","format-standard","hentry","category-algerie","category-sport"],"_links":{"self":[{"href":"https:\/\/linitiative.ca\/International\/wp-json\/wp\/v2\/posts\/111676","targetHints":{"allow":["GET"]}}],"collection":[{"href":"https:\/\/linitiative.ca\/International\/wp-json\/wp\/v2\/posts"}],"about":[{"href":"https:\/\/linitiative.ca\/International\/wp-json\/wp\/v2\/types\/post"}],"author":[{"embeddable":true,"href":"https:\/\/linitiative.ca\/International\/wp-json\/wp\/v2\/users\/1738"}],"replies":[{"embeddable":true,"href":"https:\/\/linitiative.ca\/International\/wp-json\/wp\/v2\/comments?post=111676"}],"version-history":[{"count":0,"href":"https:\/\/linitiative.ca\/International\/wp-json\/wp\/v2\/posts\/111676\/revisions"}],"wp:attachment":[{"href":"https:\/\/linitiative.ca\/International\/wp-json\/wp\/v2\/media?parent=111676"}],"wp:term":[{"taxonomy":"category","embeddable":true,"href":"https:\/\/linitiative.ca\/International\/wp-json\/wp\/v2\/categories?post=111676"},{"taxonomy":"post_tag","embeddable":true,"href":"https:\/\/linitiative.ca\/International\/wp-json\/wp\/v2\/tags?post=111676"}],"curies":[{"name":"wp","href":"https:\/\/api.w.org\/{rel}","templated":true}]}}