{"id":111678,"date":"2021-02-20T15:14:07","date_gmt":"2021-02-20T20:14:07","guid":{"rendered":"https:\/\/linitiative.ca\/International\/pros-montpellier-coup-dur-pour-andy-delort\/"},"modified":"2021-02-20T15:14:07","modified_gmt":"2021-02-20T20:14:07","slug":"pros-montpellier-coup-dur-pour-andy-delort","status":"publish","type":"post","link":"https:\/\/linitiative.ca\/International\/pros-montpellier-coup-dur-pour-andy-delort\/","title":{"rendered":"Pros : Montpellier: Coup dur pour Andy Delort"},"content":{"rendered":"<div readability=\"32\">\n<p>Auteur : <span class=\"time\">samedi 20 f\u00e9vrier 2021 15:54<\/span><\/p>\n<\/div>\n<div id=\"post_core\" readability=\"40\">\n<p>Mauvaise nouvelle pour Andy Delort. En effet, l\u2019attaquant Alg\u00e9rien de Montpellier sera indisponible pendant trois semaines. Alors que le staff de Montpellier n\u2019a pas voulu donner la date officielle de la reprise pour Delort, le site, AllezPaillade a expliqu\u00e9 que le joueur de l\u2019EN sera \u00e9loign\u00e9 des terrains pendant trois semaines. Un v\u00e9ritable coup dur pour le buteur Montpelli\u00e9rain.<\/p>\n<p><strong>Publi\u00e9 dans :<\/strong> <span>Andy Delort<\/span><\/p>\n<\/div>\n<p>Auteur:<br \/>\n<a href=\"http:\/\/www.lebuteur.com\/article\/detail?titre=montpellier-coup-dur-pour-andy-delort&#038;id=99140&#038;utm_source=feedburner&#038;utm_medium=feed&#038;utm_campaign=Feed%3A+GalerieFArtciles+%28Les+derniers+articles++-+lebuteur.com%29\">Cliquez ici pour lire l&rsquo;article depuis sa source.<\/a><\/p>\n","protected":false},"excerpt":{"rendered":"<p>Auteur : samedi 20 f\u00e9vrier 2021 15:54 Mauvaise nouvelle pour Andy Delort. En effet, l\u2019attaquant Alg\u00e9rien de Montpellier sera indisponible pendant trois semaines. Alors que le staff de Montpellier n\u2019a pas voulu donner la date officielle de la reprise pour Delort, le site, AllezPaillade a expliqu\u00e9 que le joueur de l\u2019EN sera \u00e9loign\u00e9 des terrains [&hellip;]<\/p>\n","protected":false},"author":1738,"featured_media":0,"comment_status":"closed","ping_status":"closed","sticky":false,"template":"","format":"standard","meta":{"fifu_image_url":"\/\/cdn.lebuteur.com\/data\/images\/article\/thumbs\/large-montpellier-coup-dur-pour-andy-delort-b2988.jpg","fifu_image_alt":"Pros : Montpellier: Coup dur pour Andy Delort","footnotes":""},"categories":[53,75],"tags":[],"class_list":["post-111678","post","type-post","status-publish","format-standard","hentry","category-algerie","category-sport"],"_links":{"self":[{"href":"https:\/\/linitiative.ca\/International\/wp-json\/wp\/v2\/posts\/111678","targetHints":{"allow":["GET"]}}],"collection":[{"href":"https:\/\/linitiative.ca\/International\/wp-json\/wp\/v2\/posts"}],"about":[{"href":"https:\/\/linitiative.ca\/International\/wp-json\/wp\/v2\/types\/post"}],"author":[{"embeddable":true,"href":"https:\/\/linitiative.ca\/International\/wp-json\/wp\/v2\/users\/1738"}],"replies":[{"embeddable":true,"href":"https:\/\/linitiative.ca\/International\/wp-json\/wp\/v2\/comments?post=111678"}],"version-history":[{"count":0,"href":"https:\/\/linitiative.ca\/International\/wp-json\/wp\/v2\/posts\/111678\/revisions"}],"wp:attachment":[{"href":"https:\/\/linitiative.ca\/International\/wp-json\/wp\/v2\/media?parent=111678"}],"wp:term":[{"taxonomy":"category","embeddable":true,"href":"https:\/\/linitiative.ca\/International\/wp-json\/wp\/v2\/categories?post=111678"},{"taxonomy":"post_tag","embeddable":true,"href":"https:\/\/linitiative.ca\/International\/wp-json\/wp\/v2\/tags?post=111678"}],"curies":[{"name":"wp","href":"https:\/\/api.w.org\/{rel}","templated":true}]}}