{"id":111679,"date":"2021-02-20T15:14:10","date_gmt":"2021-02-20T20:14:10","guid":{"rendered":"https:\/\/linitiative.ca\/International\/international-kluivert-quand-nouri-sest-ecroule-cetait-le-pire-moment-de-ma-vie\/"},"modified":"2021-02-20T15:14:10","modified_gmt":"2021-02-20T20:14:10","slug":"international-kluivert-quand-nouri-sest-ecroule-cetait-le-pire-moment-de-ma-vie","status":"publish","type":"post","link":"https:\/\/linitiative.ca\/International\/international-kluivert-quand-nouri-sest-ecroule-cetait-le-pire-moment-de-ma-vie\/","title":{"rendered":"International : Kluivert : \u00ab\u00a0Quand Nouri s&rsquo;est \u00e9croul\u00e9, c&rsquo;\u00e9tait le pire moment de ma vie\u00a0\u00bb"},"content":{"rendered":"<div readability=\"32\">\n<p>Auteur : <span class=\"time\">samedi 20 f\u00e9vrier 2021 19:35<\/span><\/p>\n<\/div>\n<div id=\"post_core\" readability=\"70\">\n<p>Justin Kluivert affirme que voir son co\u00e9quipier et ami proche Abdelhak Nouri s&rsquo;effondrer sur le terrain de l&rsquo;Ajax en 2017 a \u00e9t\u00e9 le pire moment de sa vie.<\/p>\n<p>En 2017, Nouri, qui n&rsquo;avait alors que 20 ans, a \u00e9t\u00e9 victime d&rsquo;une crise d&rsquo;arythmie cardiaque lors d&rsquo;un match amical contre le Werder Br\u00eame, et a \u00e9t\u00e9 plong\u00e9 dans un coma artificiel.<\/p>\n<p>Nouri a quitt\u00e9 l&rsquo;h\u00f4pital et est rentr\u00e9 chez lui au d\u00e9but de l&rsquo;ann\u00e9e 2020, mais sa carri\u00e8re de footballeur a \u00e9t\u00e9 interrompue car il a subi des l\u00e9sions c\u00e9r\u00e9brales permanentes, n\u00e9cessitant des soins 24 heures sur 24 de la part de sa famille.<\/p>\n<p>Kluivert a parl\u00e9 \u00e0 Goal de l&rsquo;impact \u00e9motionnel de voir son ami, un jeune international n\u00e9erlandais faisant ses premiers pas avec l&rsquo;\u00e9quipe premi\u00e8re de l&rsquo;Ajax, se faire retirer sa carri\u00e8re si cruellement.<\/p>\n<p>\u00ab\u00a0C&rsquo;\u00e9tait le pire moment de ma vie, dit Kluivert. J&rsquo;\u00e9tais juste sous le choc, je ne pouvais pas le croire. Une seconde, vous \u00eates encore avec lui sur le terrain et vous faites des blagues, et la seconde d&rsquo;apr\u00e8s, tout est diff\u00e9rent. C&rsquo;est arriv\u00e9 si vite.<\/p>\n<p>\u00ab\u00a0Je voulais \u00eatre seul\u00a0[apr\u00e8s]. Je suis une personne qui g\u00e8re de tels \u00e9v\u00e9nements \u00e9motionnels par elle-m\u00eame. J&rsquo;ai beaucoup r\u00e9fl\u00e9chi et je me suis rappel\u00e9 les nombreux moments merveilleux que nous avons partag\u00e9s avec lui.<\/p>\n<p>\u00ab\u00a0J&rsquo;ai appris une fois de plus, d&rsquo;une nouvelle mani\u00e8re, qu&rsquo;il faut appr\u00e9cier la vie parce qu&rsquo;elle peut changer d&rsquo;un moment \u00e0 l&rsquo;autre.\u00a0\u00bb Des propos relay\u00e9s par Goal.<\/p>\n<p><strong>Publi\u00e9 dans :<\/strong> <span>Nouri<\/span><\/p>\n<\/div>\n<p>Auteur:<br \/>\n<a href=\"http:\/\/www.lebuteur.com\/article\/detail?titre=kluivert-quand-nouri-sest-ecroule-cetait-le-pire-moment-de-ma-vie&#038;id=99141&#038;utm_source=feedburner&#038;utm_medium=feed&#038;utm_campaign=Feed%3A+GalerieFArtciles+%28Les+derniers+articles++-+lebuteur.com%29\">Cliquez ici pour lire l&rsquo;article depuis sa source.<\/a><\/p>\n","protected":false},"excerpt":{"rendered":"<p>Auteur : samedi 20 f\u00e9vrier 2021 19:35 Justin Kluivert affirme que voir son co\u00e9quipier et ami proche Abdelhak Nouri s&rsquo;effondrer sur le terrain de l&rsquo;Ajax en 2017 a \u00e9t\u00e9 le pire moment de sa vie. En 2017, Nouri, qui n&rsquo;avait alors que 20 ans, a \u00e9t\u00e9 victime d&rsquo;une crise d&rsquo;arythmie cardiaque lors d&rsquo;un match amical [&hellip;]<\/p>\n","protected":false},"author":1738,"featured_media":0,"comment_status":"closed","ping_status":"closed","sticky":false,"template":"","format":"standard","meta":{"fifu_image_url":"\/\/cdn.lebuteur.com\/data\/images\/article\/thumbs\/large-kluivert-quand-nouri-sest-ecroule-cetait-le-pire-moment-de-ma-vie-a4e81.jpg","fifu_image_alt":"International : Kluivert : \"Quand Nouri s'est \u00e9croul\u00e9, c'\u00e9tait le pire moment de ma vie\"","footnotes":""},"categories":[53,75],"tags":[],"class_list":["post-111679","post","type-post","status-publish","format-standard","hentry","category-algerie","category-sport"],"_links":{"self":[{"href":"https:\/\/linitiative.ca\/International\/wp-json\/wp\/v2\/posts\/111679","targetHints":{"allow":["GET"]}}],"collection":[{"href":"https:\/\/linitiative.ca\/International\/wp-json\/wp\/v2\/posts"}],"about":[{"href":"https:\/\/linitiative.ca\/International\/wp-json\/wp\/v2\/types\/post"}],"author":[{"embeddable":true,"href":"https:\/\/linitiative.ca\/International\/wp-json\/wp\/v2\/users\/1738"}],"replies":[{"embeddable":true,"href":"https:\/\/linitiative.ca\/International\/wp-json\/wp\/v2\/comments?post=111679"}],"version-history":[{"count":0,"href":"https:\/\/linitiative.ca\/International\/wp-json\/wp\/v2\/posts\/111679\/revisions"}],"wp:attachment":[{"href":"https:\/\/linitiative.ca\/International\/wp-json\/wp\/v2\/media?parent=111679"}],"wp:term":[{"taxonomy":"category","embeddable":true,"href":"https:\/\/linitiative.ca\/International\/wp-json\/wp\/v2\/categories?post=111679"},{"taxonomy":"post_tag","embeddable":true,"href":"https:\/\/linitiative.ca\/International\/wp-json\/wp\/v2\/tags?post=111679"}],"curies":[{"name":"wp","href":"https:\/\/api.w.org\/{rel}","templated":true}]}}