{"id":111680,"date":"2021-02-20T15:14:11","date_gmt":"2021-02-20T20:14:11","guid":{"rendered":"https:\/\/linitiative.ca\/International\/international-premier-league-liverpool-touche-le-fond-a-loccasion-du-derby-face-a-everton\/"},"modified":"2021-02-20T15:14:11","modified_gmt":"2021-02-20T20:14:11","slug":"international-premier-league-liverpool-touche-le-fond-a-loccasion-du-derby-face-a-everton","status":"publish","type":"post","link":"https:\/\/linitiative.ca\/International\/international-premier-league-liverpool-touche-le-fond-a-loccasion-du-derby-face-a-everton\/","title":{"rendered":"International : Premier League : Liverpool touche le fond \u00e0 l&rsquo;occasion du derby face \u00e0 Everton"},"content":{"rendered":"<div readability=\"32\">\n<p>Auteur : <span class=\"time\">samedi 20 f\u00e9vrier 2021 20:39<\/span><\/p>\n<\/div>\n<div id=\"post_core\" readability=\"51\">\n<p>Cette nouvelle d\u00e9faite survient contre le voisin et rival Everton (0-2). Emmen\u00e9s par le Br\u00e9silien Richarlison, buteur d\u2019entr\u00e9e apr\u00e8s avoir d\u00e9pos\u00e9 Kabak dans la profondeur (3e), les hommes de Carlo Ancelotti ont r\u00e9alis\u00e9 un gros coup, confirm\u00e9 par le second but, l\u2019oeuvre de Sigurdsson sur penalty (83e) comme l&rsquo;indique Sport24.<\/p>\n<p>Orphelins de leur capitaine Henderson, sorti sur blessure \u00e0 la demi-heure de jeu, les Reds n\u2019ont jamais r\u00e9ussi \u00e0 se montrer suffisamment dangereux pour inqui\u00e9ter Jordan Pickford dans ce derby de la Mersey, o\u00f9 Everton aurait engrang\u00e9 quatre points sur six cette ann\u00e9e (nul 2-2 \u00e0 l\u2019aller). Avec ce succ\u00e8s probant, leur premier en 22 ans \u00e0 Anfield, les Toffees (7e) rejoignent Liverpool (6e) au classement avec 40 points, soit 16 de moins que Manchester City, qui se d\u00e9place dimanche \u00e0 Arsenal (17h30).<\/p>\n<p><strong>Publi\u00e9 dans :<\/strong> <span>liverpool<\/span><\/p>\n<\/div>\n<p>Auteur:<br \/>\n<a href=\"http:\/\/www.lebuteur.com\/article\/detail?titre=premier-league-liverpool-touche-le-fond-a-loccasion-du-derby-face-a-everton&#038;id=99142&#038;utm_source=feedburner&#038;utm_medium=feed&#038;utm_campaign=Feed%3A+GalerieFArtciles+%28Les+derniers+articles++-+lebuteur.com%29\">Cliquez ici pour lire l&rsquo;article depuis sa source.<\/a><\/p>\n","protected":false},"excerpt":{"rendered":"<p>Auteur : samedi 20 f\u00e9vrier 2021 20:39 Cette nouvelle d\u00e9faite survient contre le voisin et rival Everton (0-2). Emmen\u00e9s par le Br\u00e9silien Richarlison, buteur d\u2019entr\u00e9e apr\u00e8s avoir d\u00e9pos\u00e9 Kabak dans la profondeur (3e), les hommes de Carlo Ancelotti ont r\u00e9alis\u00e9 un gros coup, confirm\u00e9 par le second but, l\u2019oeuvre de Sigurdsson sur penalty (83e) comme [&hellip;]<\/p>\n","protected":false},"author":1738,"featured_media":0,"comment_status":"closed","ping_status":"closed","sticky":false,"template":"","format":"standard","meta":{"fifu_image_url":"\/\/cdn.lebuteur.com\/data\/images\/article\/thumbs\/large-premier-league-liverpool-touche-le-fond-a-loccasion-du-derby-face-a-everton-8dafe.jpg","fifu_image_alt":"International : Premier League : Liverpool touche le fond \u00e0 l'occasion du derby face \u00e0 Everton","footnotes":""},"categories":[53,75],"tags":[],"class_list":["post-111680","post","type-post","status-publish","format-standard","hentry","category-algerie","category-sport"],"_links":{"self":[{"href":"https:\/\/linitiative.ca\/International\/wp-json\/wp\/v2\/posts\/111680","targetHints":{"allow":["GET"]}}],"collection":[{"href":"https:\/\/linitiative.ca\/International\/wp-json\/wp\/v2\/posts"}],"about":[{"href":"https:\/\/linitiative.ca\/International\/wp-json\/wp\/v2\/types\/post"}],"author":[{"embeddable":true,"href":"https:\/\/linitiative.ca\/International\/wp-json\/wp\/v2\/users\/1738"}],"replies":[{"embeddable":true,"href":"https:\/\/linitiative.ca\/International\/wp-json\/wp\/v2\/comments?post=111680"}],"version-history":[{"count":0,"href":"https:\/\/linitiative.ca\/International\/wp-json\/wp\/v2\/posts\/111680\/revisions"}],"wp:attachment":[{"href":"https:\/\/linitiative.ca\/International\/wp-json\/wp\/v2\/media?parent=111680"}],"wp:term":[{"taxonomy":"category","embeddable":true,"href":"https:\/\/linitiative.ca\/International\/wp-json\/wp\/v2\/categories?post=111680"},{"taxonomy":"post_tag","embeddable":true,"href":"https:\/\/linitiative.ca\/International\/wp-json\/wp\/v2\/tags?post=111680"}],"curies":[{"name":"wp","href":"https:\/\/api.w.org\/{rel}","templated":true}]}}