{"id":111684,"date":"2021-02-20T05:00:00","date_gmt":"2021-02-20T10:00:00","guid":{"rendered":"https:\/\/linitiative.ca\/International\/actuculte\/"},"modified":"2021-02-20T05:00:00","modified_gmt":"2021-02-20T10:00:00","slug":"actuculte","status":"publish","type":"post","link":"https:\/\/linitiative.ca\/International\/actuculte\/","title":{"rendered":"Actuculte"},"content":{"rendered":"<p>Mus\u00e9e national public Ahmed-Zabana d&rsquo;Oran\u00a0<br \/>Jusqu\u2019au 4 mars : exposition d&rsquo;arts plastiques\u00a0 \u00abOran \u00e0 travers les peintures du mus\u00e9e\u00bb riche de 19\u00a0 tableaux dont ceux de Afif Cherfaoui, Abdelkader Belkhorissat et le Fran\u00e7ais Jean Taillet.<br \/>Galerie Ezzou\u2019art de Bab Ezzouar (Alger)<br \/>Jusqu\u2019au 4 mars : Exposition \u00abOnce upon a Time\u00bb (\u00abIl \u00e9tait\u00a0 une fois\u00bb) de la plasticienne Nadia Cherrak.<br \/>Galerie d\u2019art Ifru Design (139 ter, Boulevard Krim-Belkacem, Telemly Alger)\u00a0\u00a0<br \/>Jusqu\u2019au 24 f\u00e9vrier : Exposition de peinture \u00abR\u00e9sonance chatoyante\u00bb de l\u2019artiste Kedj\u2019art (Hocine Kedjar).<br \/>Galerie d\u2019art Rhizome (82, rue Didouche-Mourad, Alger)\u00a0<br \/>Jusqu\u2019au 8 mars : Exposition\u00a0 \u00abUntold\u00bb de Sonia Merabet et Abdo Shanan, d\u00e9velopp\u00e9e dans le cadre du projet \u00abRemchet 3in\u00bb, en partenariat avec Dima Cin\u00e9ma. L\u2019expo est visible du samedi au jeudi de 10h \u00e0 18h.<br \/>Institut fran\u00e7ais d\u2019Alger (Alger-Centre)\u00a0\u00a0<br \/>Dimanche 21 f\u00e9vrier \u00e0 partir de 16h : Rencontre litt\u00e9raire autour du roman De nos fr\u00e8res bless\u00e9s de Joseph Andras. Mod\u00e9ration : Sofiane Hadjadj, \u00e9diteur (Barzakh). R\u00e9servation : <a href=\"\/cdn-cgi\/l\/email-protection\" class=\"__cf_email__\" data-cfemail=\"32544057405741505e5741415741725b541f535e5557405b571c515d5f1c\">[email\u00a0protected]<\/a>\u00a0 En partenariat avec les \u00e9ditions Barzakh, rencontre avec Salah Badis, traducteur de l&rsquo;ouvrage du fran\u00e7ais vers l&rsquo;arabe.<br \/>Maison de la presse Tahar- Djaout (1, rue Bachir-Attar, Alger)\u00a0<br \/>Jusqu\u2019au 28 f\u00e9vrier : Exposition collective d\u2019arts plastiques par l\u2019Ecole sup\u00e9rieure des beaux-arts d\u2019Alger Ahmed et Rabah-Asselah.<br \/>Galerie Mohammed-Racim (9, Avenue Pasteur, Alger- Centre)<br \/>Jusqu\u2019au 5 mars : Exposition collective de peinture \u00abBouff\u00e9es de couleurs\u00bb, aves les artistes Narimane Sadat, Sma\u00efl Ouchene, Abderrahmane Bekhti, Abdelmadjid Guemroud et Taib Bellabes Bakhti. Vernissage de l\u2019exposition le samedi 13 f\u00e9vrier \u00e0 partir de 16h.<br \/>Dar Abdeltif (El Hamma, Alger)<br \/>Jusqu\u2019au 26 f\u00e9vrier : Exposition de peinture \u00abLa rive orientale\u00bb de l&rsquo;artiste Hakim Tounsi.\u00a0<\/p>\n<p>Auteur:<br \/>\n<a href=\"https:\/\/www.lesoirdalgerie.com\/culture\/actuculte-56625\">Cliquez ici pour lire l&rsquo;article depuis sa source.<\/a><\/p>\n","protected":false},"excerpt":{"rendered":"<p>Mus\u00e9e national public Ahmed-Zabana d&rsquo;Oran\u00a0Jusqu\u2019au 4 mars : exposition d&rsquo;arts plastiques\u00a0 \u00abOran \u00e0 travers les peintures du mus\u00e9e\u00bb riche de 19\u00a0 tableaux dont ceux de Afif Cherfaoui, Abdelkader Belkhorissat et le Fran\u00e7ais Jean Taillet.Galerie Ezzou\u2019art de Bab Ezzouar (Alger)Jusqu\u2019au 4 mars : Exposition \u00abOnce upon a Time\u00bb (\u00abIl \u00e9tait\u00a0 une fois\u00bb) de la plasticienne Nadia [&hellip;]<\/p>\n","protected":false},"author":1741,"featured_media":0,"comment_status":"closed","ping_status":"closed","sticky":false,"template":"","format":"standard","meta":{"fifu_image_url":"","fifu_image_alt":"","footnotes":""},"categories":[73,53],"tags":[],"class_list":["post-111684","post","type-post","status-publish","format-standard","hentry","category-actualite","category-algerie"],"_links":{"self":[{"href":"https:\/\/linitiative.ca\/International\/wp-json\/wp\/v2\/posts\/111684","targetHints":{"allow":["GET"]}}],"collection":[{"href":"https:\/\/linitiative.ca\/International\/wp-json\/wp\/v2\/posts"}],"about":[{"href":"https:\/\/linitiative.ca\/International\/wp-json\/wp\/v2\/types\/post"}],"author":[{"embeddable":true,"href":"https:\/\/linitiative.ca\/International\/wp-json\/wp\/v2\/users\/1741"}],"replies":[{"embeddable":true,"href":"https:\/\/linitiative.ca\/International\/wp-json\/wp\/v2\/comments?post=111684"}],"version-history":[{"count":0,"href":"https:\/\/linitiative.ca\/International\/wp-json\/wp\/v2\/posts\/111684\/revisions"}],"wp:attachment":[{"href":"https:\/\/linitiative.ca\/International\/wp-json\/wp\/v2\/media?parent=111684"}],"wp:term":[{"taxonomy":"category","embeddable":true,"href":"https:\/\/linitiative.ca\/International\/wp-json\/wp\/v2\/categories?post=111684"},{"taxonomy":"post_tag","embeddable":true,"href":"https:\/\/linitiative.ca\/International\/wp-json\/wp\/v2\/tags?post=111684"}],"curies":[{"name":"wp","href":"https:\/\/api.w.org\/{rel}","templated":true}]}}