{"id":111686,"date":"2021-02-20T05:00:00","date_gmt":"2021-02-20T10:00:00","guid":{"rendered":"https:\/\/linitiative.ca\/International\/provinces-du-sud-linvestissement-est-deja-la\/"},"modified":"2021-02-20T05:00:00","modified_gmt":"2021-02-20T10:00:00","slug":"provinces-du-sud-linvestissement-est-deja-la","status":"publish","type":"post","link":"https:\/\/linitiative.ca\/International\/provinces-du-sud-linvestissement-est-deja-la\/","title":{"rendered":"Provinces du Sud : l\u2019investissement est d\u00e9j\u00e0 l\u00e0"},"content":{"rendered":"<p><strong>L\u2019\u00e9lan en faveur de l\u2019investissement n\u2019a pas attendu les derniers \u00e9v\u00e9nements diplomatiques. Ces derni\u00e8res ann\u00e9es, les projets se sont multipli\u00e9s dans les provinces du Sud. \u00ab Challenge \u00bb en fait une liste non exhaustive<\/strong>.<\/p>\n<div class=\"c10\">\n<\/div>\n<p>L\u2019annonce de pays comme les USA ou la Pologne de leur d\u00e9sir d\u2019investir massivement dans l\u2019\u00e9conomie des provinces du Sud est certes une bonne nouvelle, excellente m\u00eame, mais au point d\u2019occulter une r\u00e9alit\u00e9 historique. Cette r\u00e9alit\u00e9, c\u2019est qu\u2019ind\u00e9pendamment de la situation diplomatique, qui \u00e9volue favorablement et il faut s\u2019en r\u00e9jouir, l\u2019attractivit\u00e9 du Sahara \u00e9tait d\u00e9j\u00e0 \u00e9tablie. Les promoteurs nationaux ont acc\u00e9l\u00e9r\u00e9 la cadence des investissements depuis plusieurs ann\u00e9es.<\/p>\n<p><strong>Le fruit d\u2019une vision<\/strong><\/p>\n<p>Ce n\u2019est pas un hasard, ni un volontarisme politique de la part de ces investisseurs. Ils y sont all\u00e9s parce qu\u2019ils appr\u00e9cient \u00e0 sa juste valeur le potentiel de ces territoires. Et ce, pour plusieurs raisons, dont on peut citer :<\/p>\n<p>\u2013 Les infrastructures, l\u2019effort \u00e0 ce niveau a \u00e9t\u00e9 colossal. Les investissements publics dans les routes, les ports, les installations a\u00e9roportuaires sont cons\u00e9quents. Les projets lanc\u00e9s ou en cours de r\u00e9alisation sont encore plus importants.<\/p>\n<p><strong>Lire aussi| <a href=\"https:\/\/www.challenge.ma\/maroc-telecom-tient-la-cadence-malgre-la-concurrence-et-la-crise-sanitaire-175834\/\">Maroc Telecom tient la cadence malgr\u00e9 la concurrence et la crise sanitaire<\/a><\/strong><\/p>\n<p>\u2013 L\u2019effort consenti dans la formation permet une offre de travail substantielle et de\u00a0 bonne qualit\u00e9. Les programmes lanc\u00e9s ne feront que renforcer cette tendance.<\/p>\n<p>\u2013 La politique Africaine du Maroc laissait pr\u00e9sager un r\u00f4le central pour les provinces du Sud, que les promoteurs ont largement anticip\u00e9.<\/p>\n<p>Ces investissements concernent tous les secteurs d\u2019activit\u00e9, ce qui laisse \u00e0 penser que les op\u00e9rateurs \u00e9conomiques s\u2019attendent \u00e0 un d\u00e9veloppement int\u00e9gr\u00e9 dans cette r\u00e9gion, gage d\u2019une croissance soutenue qui s\u2019inscrit dans la dur\u00e9e.<\/p>\n<p>Les derniers d\u00e9veloppements politico-diplomatiques, viennent donc renforcer une tendance qui s\u2019est d\u00e9gag\u00e9e de mani\u00e8re endog\u00e8ne.<\/p>\n<p><strong>Lire aussi| <a href=\"https:\/\/www.challenge.ma\/vaccination-le-maroc-donne-en-exemple-en-europe-175710\/\">Vaccination : le Maroc donn\u00e9 en exemple en Europe<\/a><\/strong><\/p>\n<p>Nul doute que l\u2019afflux d\u2019investissements \u00e9trangers, largement int\u00e9ress\u00e9s par le reste du continent, donnera une nouvelle dimension \u00e0 ce changement de statut des provinces Sahariennes.\u00a0<\/p>\n<p>Cette r\u00e9gion va enregistrer un taux de croissance tr\u00e8s important dans les ann\u00e9es \u00e0 venir. Et cette nouvelle r\u00e9alit\u00e9 renforcera \u00e0 son tour les acquis diplomatiques du Maroc.<\/p>\n<p>Les adversaires de l\u2019int\u00e9grit\u00e9 territoriale ont d\u00e9finitivement perdu. Le drame, c\u2019est qu\u2019ils sont les seuls \u00e0 ne pas le reconna\u00eetre.<\/p>\n<p><strong>Lire la suite dans votre e-magazine Challenge en cliquant sur la couverture.<\/strong><\/p>\n<p><strong>Autres sujets du dossier :<\/strong><\/p>\n<p><strong>\u2013 Tout sur ces entreprises qui comptent :<\/strong><\/p>\n<p>\u2013 Driss Senoussi,\u00a0PDG du groupe MaadOspitality et propri\u00e9taire\u00a0de Dakhla Attitude<\/p>\n<p>\u2013 Maoula\u00efnine Maoula\u00efnine, Directeur G\u00e9n\u00e9ral de Phosboucraa<\/p>\n<p>\u2013 Sidi Hamdi Ould Errachid, Pr\u00e9sident de la holding Myher<\/p>\n<p>\u2013 Mohamed Zebdi, Pr\u00e9sident de King P\u00e9lagique Group<\/p>\n<p>\u2013 Ahmed Boua\u00efda, PDG du holding Holsatek<\/p>\n<p>\u2013 Mohamed Sbayou, Pr\u00e9sident de Mina Holding<\/p>\n<p>\u2013 Dahmane Derham,\u00a0 Pr\u00e9sident du groupe Derham Holding<\/p>\n<p>\u2013 Hassan Sentissi, Pr\u00e9sident du Groupe Sentissi<\/p>\n<p>\u2013 Mohamed El Imam Maelainin, Pr\u00e9sident du Groupe Cheikh Malainin\u00a0 d\u2019Investissement (GCMI)<\/p>\n<p>\u2013 Hicham Seghir,\u00a0 Pr\u00e9sident du Groupe Aaakar Chark<\/p>\n<p>\u2013 Mohamed Nabil Tazi, PDG de Iglo Fish<\/p>\n<p>\u2013 Ali Oukacha, DG du groupe Alia P\u00eache<\/p>\n<p>\u2013 Mohamed Tazi,\u00a0 Pr\u00e9sident fondateur du Groupe Azura<\/p>\n<p>\u2013 S\u00e9bastien Deflandre, fondateur d\u2019Oc\u00e9an Vagabond<\/p>\n<p>\u2013 J\u00e9r\u00f4me Schanker, fondateur de La Tour d\u2019Eole<\/p>\n<p><strong>\u2013 Interview avec\u00a0:<\/strong><\/p>\n<p>\u2013 M\u2019hammed Belarbi, Enseignant-chercheur, Universit\u00e9 Cadi Ayyad, Marrakech, Maroc \u00ab\u00a0La ru\u00e9e des op\u00e9rateurs priv\u00e9s vers les provinces du Sud est l\u2019\u00e9v\u00e9nement phare attendu\u00a0\u00bb<\/p>\n<p>\u2013 Mounir Haouri, DG du CRI de la r\u00e9gion Dakhla-Oued Eddahab \u00ab\u00a0Nous avons vu des projets se concr\u00e9tiser avec des concepts innovants\u00a0\u00bb<\/p>\n<p>\u2013<strong>\u00a0Provinces du Sud<\/strong>\u00a0: L\u2019investissement est d\u00e9j\u00e0 l\u00e0<\/p>\n<figure class=\"wp-block-image size-large\"><img decoding=\"async\" src=\"https:\/\/www.challenge.ma\/wp-content\/uploads\/2021\/02\/Challenge-778-1.jpg\" alt=\"\" class=\"wp-image-175691\"\/><\/figure>\n<p>Auteur: challenge<br \/>\n<a href=\"https:\/\/www.challenge.ma\/provinces-du-sud-linvestissement-est-deja-la-175799\/\">Cliquez ici pour lire l&rsquo;article depuis sa source.<\/a><\/p>\n","protected":false},"excerpt":{"rendered":"<p>L\u2019\u00e9lan en faveur de l\u2019investissement n\u2019a pas attendu les derniers \u00e9v\u00e9nements diplomatiques. Ces derni\u00e8res ann\u00e9es, les projets se sont multipli\u00e9s dans les provinces du Sud. \u00ab Challenge \u00bb en fait une liste non exhaustive. L\u2019annonce de pays comme les USA ou la Pologne de leur d\u00e9sir d\u2019investir massivement dans l\u2019\u00e9conomie des provinces du Sud est [&hellip;]<\/p>\n","protected":false},"author":1787,"featured_media":0,"comment_status":"closed","ping_status":"closed","sticky":false,"template":"","format":"standard","meta":{"fifu_image_url":"https:\/\/www.challenge.ma\/wp-content\/uploads\/2021\/02\/Challenge-778-1.jpg","fifu_image_alt":"Provinces du Sud : l\u2019investissement est d\u00e9j\u00e0 l\u00e0","footnotes":""},"categories":[78,54],"tags":[],"class_list":["post-111686","post","type-post","status-publish","format-standard","hentry","category-economie","category-maroc"],"_links":{"self":[{"href":"https:\/\/linitiative.ca\/International\/wp-json\/wp\/v2\/posts\/111686","targetHints":{"allow":["GET"]}}],"collection":[{"href":"https:\/\/linitiative.ca\/International\/wp-json\/wp\/v2\/posts"}],"about":[{"href":"https:\/\/linitiative.ca\/International\/wp-json\/wp\/v2\/types\/post"}],"author":[{"embeddable":true,"href":"https:\/\/linitiative.ca\/International\/wp-json\/wp\/v2\/users\/1787"}],"replies":[{"embeddable":true,"href":"https:\/\/linitiative.ca\/International\/wp-json\/wp\/v2\/comments?post=111686"}],"version-history":[{"count":0,"href":"https:\/\/linitiative.ca\/International\/wp-json\/wp\/v2\/posts\/111686\/revisions"}],"wp:attachment":[{"href":"https:\/\/linitiative.ca\/International\/wp-json\/wp\/v2\/media?parent=111686"}],"wp:term":[{"taxonomy":"category","embeddable":true,"href":"https:\/\/linitiative.ca\/International\/wp-json\/wp\/v2\/categories?post=111686"},{"taxonomy":"post_tag","embeddable":true,"href":"https:\/\/linitiative.ca\/International\/wp-json\/wp\/v2\/tags?post=111686"}],"curies":[{"name":"wp","href":"https:\/\/api.w.org\/{rel}","templated":true}]}}