{"id":111687,"date":"2021-02-20T05:11:04","date_gmt":"2021-02-20T10:11:04","guid":{"rendered":"https:\/\/linitiative.ca\/International\/lum6p-lance-son-data-center-avec-le-plus-puissant-supercalculateur-dafrique\/"},"modified":"2021-02-20T05:11:04","modified_gmt":"2021-02-20T10:11:04","slug":"lum6p-lance-son-data-center-avec-le-plus-puissant-supercalculateur-dafrique","status":"publish","type":"post","link":"https:\/\/linitiative.ca\/International\/lum6p-lance-son-data-center-avec-le-plus-puissant-supercalculateur-dafrique\/","title":{"rendered":"L\u2019UM6P lance son Data Center avec le plus puissant \u00ab\u00a0SuperCalculateur\u00a0\u00bb d\u2019Afrique"},"content":{"rendered":"<p><strong>L\u2019Universit\u00e9 Mohammed VI Polytechnique (UM6P) de Bengu\u00e9rir a proc\u00e9d\u00e9, vendredi, \u00e0 l\u2019inauguration de son nouveau Data Center abritant le plus puissant \u00ab\u00a0SuperCalculateur\u00a0\u00bb d\u2019Afrique (African Supercomputing Center).<\/strong><\/p>\n<div class=\"c10\">\n<\/div>\n<p>Avec ce Data Center, installation de classe mondiale, assurant s\u00e9curit\u00e9 \u00e9lev\u00e9e, disponibilit\u00e9 maximale, haute flexibilit\u00e9 et connectivit\u00e9 optimale, l\u2019UM6P, fid\u00e8le \u00e0 son positionnement d\u2019excellence \u00e0 l\u2019\u00e9chelle nationale et continentale, se met au service de l\u2019\u00e9cosyst\u00e8me num\u00e9rique national afin de contribuer \u00e0 garantir la souverainet\u00e9 digitale du Royaume et \u00e0 d\u00e9velopper de nouveaux services num\u00e9riques 100% marocains.<\/p>\n<p>Situ\u00e9 au c\u0153ur de la Ville Verte de Benguerir et \u00e9tal\u00e9 sur une superficie de 2000 m2, ce Data Center va \u00e9lever les capacit\u00e9s d\u2019exp\u00e9rimentation scientifique, et permettre ainsi, une plus grande ma\u00eetrise des donn\u00e9es massives collect\u00e9es.<\/p>\n<p><strong>Lire aussi|<\/strong><a href=\"https:\/\/www.challenge.ma\/provinces-du-sud-linvestissement-est-deja-la-175799\/\"><strong>Provinces du Sud : l\u2019investissement est d\u00e9j\u00e0 l\u00e0<\/strong><\/a><\/p>\n<p>Ce Data Center certifi\u00e9 Tier III et Tier IV par l\u2019Ultime Institute, outre le fait de proposer aux entreprises et aux organismes publics une infrastructure pour organiser, traiter, stocker et entreposer de grandes quantit\u00e9s de donn\u00e9es, abrite l\u2019African Supercomputing Center, une plateforme essentielle pour analyser d\u2019immenses quantit\u00e9s de donn\u00e9es et r\u00e9soudre des calculs d\u2019une extr\u00eame complexit\u00e9.<\/p>\n<p>Avec l\u2019African Supercomputing Center, dont la capacit\u00e9 s\u2019\u00e9tablit \u00e0 3 millions de milliards d\u2019op\u00e9rations par seconde, les horizons de la recherche scientifique et l\u2019innovation pour l\u2019UM6P et pour le Maroc s\u2019\u00e9largissent. Ainsi, de nouveaux projets innovants majeurs de mod\u00e9lisation peuvent \u00e9clore dans des domaines aussi vastes et vari\u00e9s que le g\u00e9nome des plantes africaines \u00e0 prot\u00e9ger, les donn\u00e9es satellitaires pour une meilleure valorisation et gestion des terres agricoles, ou encore les donn\u00e9es m\u00e9t\u00e9orologiques pour une int\u00e9gration plus efficace des \u00e9nergies renouvelables dans les r\u00e9seaux \u00e9lectriques.<\/p>\n<p>D\u00e9velopp\u00e9 en partenariat avec l\u00a0\u00bbuniversit\u00e9 de Cambridge, ce \u00ab\u00a0SuperCalculateur\u00a0\u00bb occupe le 98\u00e8me rang des superordinateurs les plus puissants au monde et hisse le Maroc \u00e0 la 26\u00e8me place mondiale et \u00e0 la 1\u00e8re place africaine, en termes de puissance de calcul.<\/p>\n<p><strong>Lire aussi|<\/strong><a href=\"https:\/\/www.challenge.ma\/mounir-haouri-dg-du-cri-de-la-region-dakhla-oued-eddahab-nous-avons-vu-des-projets-se-concretiser-avec-des-concepts-innovants-175807\/\"><strong>Mounir Houari, DG du CRI de la r\u00e9gion Dakhla-Oued Eddahab : \u00abNous avons vu des projets se concr\u00e9tiser avec des concepts innovants\u00bb<\/strong><\/a><\/p>\n<p>Avec MAP<\/p>\n<p>Auteur: challenge<br \/>\n<a href=\"https:\/\/www.challenge.ma\/lum6p-lance-son-data-center-avec-le-plus-puissant-supercalculateur-dafrique-175876\/\">Cliquez ici pour lire l&rsquo;article depuis sa source.<\/a><\/p>\n","protected":false},"excerpt":{"rendered":"<p>L\u2019Universit\u00e9 Mohammed VI Polytechnique (UM6P) de Bengu\u00e9rir a proc\u00e9d\u00e9, vendredi, \u00e0 l\u2019inauguration de son nouveau Data Center abritant le plus puissant \u00ab\u00a0SuperCalculateur\u00a0\u00bb d\u2019Afrique (African Supercomputing Center). Avec ce Data Center, installation de classe mondiale, assurant s\u00e9curit\u00e9 \u00e9lev\u00e9e, disponibilit\u00e9 maximale, haute flexibilit\u00e9 et connectivit\u00e9 optimale, l\u2019UM6P, fid\u00e8le \u00e0 son positionnement d\u2019excellence \u00e0 l\u2019\u00e9chelle nationale et continentale, [&hellip;]<\/p>\n","protected":false},"author":1787,"featured_media":0,"comment_status":"closed","ping_status":"closed","sticky":false,"template":"","format":"standard","meta":{"fifu_image_url":"","fifu_image_alt":"","footnotes":""},"categories":[78,54],"tags":[],"class_list":["post-111687","post","type-post","status-publish","format-standard","hentry","category-economie","category-maroc"],"_links":{"self":[{"href":"https:\/\/linitiative.ca\/International\/wp-json\/wp\/v2\/posts\/111687","targetHints":{"allow":["GET"]}}],"collection":[{"href":"https:\/\/linitiative.ca\/International\/wp-json\/wp\/v2\/posts"}],"about":[{"href":"https:\/\/linitiative.ca\/International\/wp-json\/wp\/v2\/types\/post"}],"author":[{"embeddable":true,"href":"https:\/\/linitiative.ca\/International\/wp-json\/wp\/v2\/users\/1787"}],"replies":[{"embeddable":true,"href":"https:\/\/linitiative.ca\/International\/wp-json\/wp\/v2\/comments?post=111687"}],"version-history":[{"count":0,"href":"https:\/\/linitiative.ca\/International\/wp-json\/wp\/v2\/posts\/111687\/revisions"}],"wp:attachment":[{"href":"https:\/\/linitiative.ca\/International\/wp-json\/wp\/v2\/media?parent=111687"}],"wp:term":[{"taxonomy":"category","embeddable":true,"href":"https:\/\/linitiative.ca\/International\/wp-json\/wp\/v2\/categories?post=111687"},{"taxonomy":"post_tag","embeddable":true,"href":"https:\/\/linitiative.ca\/International\/wp-json\/wp\/v2\/tags?post=111687"}],"curies":[{"name":"wp","href":"https:\/\/api.w.org\/{rel}","templated":true}]}}