{"id":111694,"date":"2021-02-20T08:18:02","date_gmt":"2021-02-20T13:18:02","guid":{"rendered":"https:\/\/linitiative.ca\/International\/mma-camara-reelue-a-la-tete-de-lassociation-de-la-presse-etrangere-en-cote-divoire\/"},"modified":"2021-02-20T08:18:02","modified_gmt":"2021-02-20T13:18:02","slug":"mma-camara-reelue-a-la-tete-de-lassociation-de-la-presse-etrangere-en-cote-divoire","status":"publish","type":"post","link":"https:\/\/linitiative.ca\/International\/mma-camara-reelue-a-la-tete-de-lassociation-de-la-presse-etrangere-en-cote-divoire\/","title":{"rendered":"M\u2019ma Camara r\u00e9\u00e9lue \u00e0 la t\u00eate de l\u2019Association de la presse \u00e9trang\u00e8re en C\u00f4te d\u2019Ivoire"},"content":{"rendered":"<div readability=\"32\">\n<p>Publi\u00e9 le 20.02.2021 \u00e0 14h18 par APA News<\/p>\n<\/div>\n<div readability=\"46\">\n<p>La journaliste ivoirienne M\u2019ma Camara a \u00e9t\u00e9 r\u00e9\u00e9lue le 18 f\u00e9vrier 2021 en qualit\u00e9 de pr\u00e9sidente de l\u2019Association de la presse \u00e9trang\u00e8re en C\u00f4te d\u2019Ivoire (APECI), \u00e0 l\u2019issue d\u2019une Assembl\u00e9e g\u00e9n\u00e9rale ordinaire \u00e9lective.<\/p>\n<p>Les travaux de cette Assembl\u00e9e g\u00e9n\u00e9rale ordinaire \u00e9lective ont \u00e9t\u00e9 pr\u00e9sid\u00e9s par Val\u00e9rie Bony, correspondante de la BBC et Pierre Pinto de la Radio France Internationale (RFI), rapporte une note d\u2019information transmise \u00e0 APA, samedi.<\/p>\n<p>Une autre Assembl\u00e9e g\u00e9n\u00e9rale de l\u2019organisation est pr\u00e9vue fin mars 2021 pour une r\u00e9vision des textes statutaires et r\u00e9glementaires. M\u2019ma Camara est la premi\u00e8re femme Journaliste et reporter d\u2019images (JRI) en C\u00f4te d\u2019Ivoire.<\/p>\n<\/div>\n<p>Auteur: APA News<br \/>\n<a href=\"https:\/\/www.journalducameroun.com\/mma-camara-reelue-a-la-tete-de-lassociation-de-la-presse-etrangere-en-cote-divoire\/\">Cliquez ici pour lire l&rsquo;article depuis sa source.<\/a><\/p>\n","protected":false},"excerpt":{"rendered":"<p>Publi\u00e9 le 20.02.2021 \u00e0 14h18 par APA News La journaliste ivoirienne M\u2019ma Camara a \u00e9t\u00e9 r\u00e9\u00e9lue le 18 f\u00e9vrier 2021 en qualit\u00e9 de pr\u00e9sidente de l\u2019Association de la presse \u00e9trang\u00e8re en C\u00f4te d\u2019Ivoire (APECI), \u00e0 l\u2019issue d\u2019une Assembl\u00e9e g\u00e9n\u00e9rale ordinaire \u00e9lective. Les travaux de cette Assembl\u00e9e g\u00e9n\u00e9rale ordinaire \u00e9lective ont \u00e9t\u00e9 pr\u00e9sid\u00e9s par Val\u00e9rie Bony, [&hellip;]<\/p>\n","protected":false},"author":1965,"featured_media":0,"comment_status":"closed","ping_status":"closed","sticky":false,"template":"","format":"standard","meta":{"fifu_image_url":"","fifu_image_alt":"","footnotes":""},"categories":[73,82],"tags":[],"class_list":["post-111694","post","type-post","status-publish","format-standard","hentry","category-actualite","category-cameroun"],"_links":{"self":[{"href":"https:\/\/linitiative.ca\/International\/wp-json\/wp\/v2\/posts\/111694","targetHints":{"allow":["GET"]}}],"collection":[{"href":"https:\/\/linitiative.ca\/International\/wp-json\/wp\/v2\/posts"}],"about":[{"href":"https:\/\/linitiative.ca\/International\/wp-json\/wp\/v2\/types\/post"}],"author":[{"embeddable":true,"href":"https:\/\/linitiative.ca\/International\/wp-json\/wp\/v2\/users\/1965"}],"replies":[{"embeddable":true,"href":"https:\/\/linitiative.ca\/International\/wp-json\/wp\/v2\/comments?post=111694"}],"version-history":[{"count":0,"href":"https:\/\/linitiative.ca\/International\/wp-json\/wp\/v2\/posts\/111694\/revisions"}],"wp:attachment":[{"href":"https:\/\/linitiative.ca\/International\/wp-json\/wp\/v2\/media?parent=111694"}],"wp:term":[{"taxonomy":"category","embeddable":true,"href":"https:\/\/linitiative.ca\/International\/wp-json\/wp\/v2\/categories?post=111694"},{"taxonomy":"post_tag","embeddable":true,"href":"https:\/\/linitiative.ca\/International\/wp-json\/wp\/v2\/tags?post=111694"}],"curies":[{"name":"wp","href":"https:\/\/api.w.org\/{rel}","templated":true}]}}