{"id":111695,"date":"2021-02-20T14:15:28","date_gmt":"2021-02-20T19:15:28","guid":{"rendered":"https:\/\/linitiative.ca\/International\/cameroun-paul-biya-nomme-un-nouveau-president-a-la-commission-des-droits-de-lhomme\/"},"modified":"2021-02-20T14:15:28","modified_gmt":"2021-02-20T19:15:28","slug":"cameroun-paul-biya-nomme-un-nouveau-president-a-la-commission-des-droits-de-lhomme","status":"publish","type":"post","link":"https:\/\/linitiative.ca\/International\/cameroun-paul-biya-nomme-un-nouveau-president-a-la-commission-des-droits-de-lhomme\/","title":{"rendered":"Cameroun : Paul Biya nomme un nouveau pr\u00e9sident \u00e0 la Commission des droits de l\u2019Homme"},"content":{"rendered":"<div readability=\"32\">\n<p>Publi\u00e9 le 20.02.2021 \u00e0 20h15 par JournalduCameroun.com<\/p>\n<\/div>\n<div readability=\"47\">\n<h2 class=\"c8\">Le professeur James Mouangue Kobila \u00e9tait jusqu\u2019alors vice-pr\u00e9sident et assurait l\u2019int\u00e9rim du d\u00e9funt pr\u00e9sident Chemuta Divine Banda d\u00e9c\u00e9d\u00e9 en mai 2020.<\/h2>\n<p class=\"c9\">Depuis le 19 f\u00e9vrier 2021, James Mouangue Kobila est le nouveau pr\u00e9sident de la Commission nationale des droits de l\u2019Homme et des libert\u00e9s (CNDHL). Il a \u00e9t\u00e9 nomm\u00e9 \u00e0 ce poste par d\u00e9cret du pr\u00e9sident de la R\u00e9publique.<\/p>\n<p class=\"c9\">Constitutionnaliste et enseignant d\u2019universit\u00e9, <strong>James Mouangue Kobila<\/strong> entame ainsi un mandat de 5 ans \u00e0 la <strong>CNDHL<\/strong>. Ceci au m\u00eame titre que d\u2019autres membres nomm\u00e9s ce 19 f\u00e9vrier par d\u00e9cret du chef de l\u2019Etat.<\/p>\n<p class=\"c9\">Ils sont en effet 13 membres qui entament un mandat de 5 ans \u00e0 la CNDHL. Parmi eux, le journaliste Denis Nkwebo, pr\u00e9sident du Syndicat national des journalistes du <strong>Cameroun<\/strong> et grand pourfendeur du r\u00e9gime de Pau Biya. \u00a0La CNDHL \u00a0par d\u00e9cret pr\u00e9sidentiel en 1990. Son r\u00f4le est purement consultatif et ses rapports sont adress\u00e9s en priorit\u00e9 au pr\u00e9sident de la R\u00e9publique.<\/p>\n<\/div>\n<p>Auteur: journalducameroun<br \/>\n<a href=\"https:\/\/www.journalducameroun.com\/cameroun-paul-biya-nomme-un-nouveau-president-a-la-commission-des-droits-de-lhomme-cameroun\/\">Cliquez ici pour lire l&rsquo;article depuis sa source.<\/a><\/p>\n","protected":false},"excerpt":{"rendered":"<p>Publi\u00e9 le 20.02.2021 \u00e0 20h15 par JournalduCameroun.com Le professeur James Mouangue Kobila \u00e9tait jusqu\u2019alors vice-pr\u00e9sident et assurait l\u2019int\u00e9rim du d\u00e9funt pr\u00e9sident Chemuta Divine Banda d\u00e9c\u00e9d\u00e9 en mai 2020. Depuis le 19 f\u00e9vrier 2021, James Mouangue Kobila est le nouveau pr\u00e9sident de la Commission nationale des droits de l\u2019Homme et des libert\u00e9s (CNDHL). Il a \u00e9t\u00e9 [&hellip;]<\/p>\n","protected":false},"author":1965,"featured_media":0,"comment_status":"closed","ping_status":"closed","sticky":false,"template":"","format":"standard","meta":{"fifu_image_url":"","fifu_image_alt":"","footnotes":""},"categories":[73,82],"tags":[],"class_list":["post-111695","post","type-post","status-publish","format-standard","hentry","category-actualite","category-cameroun"],"_links":{"self":[{"href":"https:\/\/linitiative.ca\/International\/wp-json\/wp\/v2\/posts\/111695","targetHints":{"allow":["GET"]}}],"collection":[{"href":"https:\/\/linitiative.ca\/International\/wp-json\/wp\/v2\/posts"}],"about":[{"href":"https:\/\/linitiative.ca\/International\/wp-json\/wp\/v2\/types\/post"}],"author":[{"embeddable":true,"href":"https:\/\/linitiative.ca\/International\/wp-json\/wp\/v2\/users\/1965"}],"replies":[{"embeddable":true,"href":"https:\/\/linitiative.ca\/International\/wp-json\/wp\/v2\/comments?post=111695"}],"version-history":[{"count":0,"href":"https:\/\/linitiative.ca\/International\/wp-json\/wp\/v2\/posts\/111695\/revisions"}],"wp:attachment":[{"href":"https:\/\/linitiative.ca\/International\/wp-json\/wp\/v2\/media?parent=111695"}],"wp:term":[{"taxonomy":"category","embeddable":true,"href":"https:\/\/linitiative.ca\/International\/wp-json\/wp\/v2\/categories?post=111695"},{"taxonomy":"post_tag","embeddable":true,"href":"https:\/\/linitiative.ca\/International\/wp-json\/wp\/v2\/tags?post=111695"}],"curies":[{"name":"wp","href":"https:\/\/api.w.org\/{rel}","templated":true}]}}