{"id":111696,"date":"2021-02-20T14:46:42","date_gmt":"2021-02-20T19:46:42","guid":{"rendered":"https:\/\/linitiative.ca\/International\/cameroun-une-rumeur-tue-lancienne-premiere-dame-germaine-ahidjo\/"},"modified":"2021-02-20T14:46:42","modified_gmt":"2021-02-20T19:46:42","slug":"cameroun-une-rumeur-tue-lancienne-premiere-dame-germaine-ahidjo","status":"publish","type":"post","link":"https:\/\/linitiative.ca\/International\/cameroun-une-rumeur-tue-lancienne-premiere-dame-germaine-ahidjo\/","title":{"rendered":"Cameroun : une rumeur tue l\u2019ancienne premi\u00e8re dame Germaine Ahidjo"},"content":{"rendered":"<div readability=\"32\">\n<p>Publi\u00e9 le 20.02.2021 \u00e0 20h46 par JournalduCameroun.com<\/p>\n<\/div>\n<div readability=\"64\">\n<h2>La famille de l\u2019ex-pr\u00e9sident oblig\u00e9 de d\u00e9mentir cette information en publiant une photo.<\/h2>\n<p>C\u2019est vendredi 19 f\u00e9vrier 2021 en fin de soir\u00e9e que cette <em>\u00ab\u00a0information\u00a0\u00bb<\/em> circule, notamment sur les r\u00e9seaux sociaux. L\u2019ex-premi\u00e8re dame du <strong>Cameroun<\/strong> serait d\u00e9c\u00e9d\u00e9e dans son exil dakarois, des suites de maladie.<\/p>\n<p>Tr\u00e8s vite des sources proches de la famille d\u00e9mentent cette rumeur. Et ce 20 f\u00e9vrier, une photo circule sur les plateformes sociales\u00a0: elle montre <strong>Germaine Ahidjo<\/strong>, entour\u00e9e de deux de ses filles. La famille assure que l\u2019\u00e9pouse du tout premier pr\u00e9sident du Cameroun est bien vivante et se remet doucement d\u2019une maladie.<\/p>\n<p>Ag\u00e9e aujourd\u2019hui de 99 ans, Germaine Habiba Ahidjo a quitt\u00e9 le Cameroun apr\u00e8s le coup d\u2019Etat manqu\u00e9 de 1984 qui visait le pr\u00e9sident Paul Biya, successeur d\u2019Ahmadou Ahidjo. Ce dernier est accus\u00e9 d\u2019\u00eatre derri\u00e8re les mutins et est condamn\u00e9 par contumace. Il doit alors vivre en exil au S\u00e9n\u00e9gal avec sa femme et ses trois filles.<\/p>\n<p>Germaine Ahidjo garde la dent dure contre Paul Biya. Mohamadou Badjika Ahidjo, le fils de l\u2019ancien pr\u00e9sident, est un des ambassadeurs itin\u00e9rants du pr\u00e9sident Paul Biya et Aminatou Ahidjo a \u00e9galement quitt\u00e9 sa m\u00e8re pour servir le r\u00e9gime de Paul Biya. Elle est actuellement militante du parti au pouvoir et pr\u00e9sidente du Conseil d\u2019administration du palais des Congr\u00e8s.<\/p>\n<p>En une semaine, la rumeur a tu\u00e9 deux personnalit\u00e9s du Cameroun. Il y a quelques jours, c\u2019\u00e9tait l\u2019un des fils du milliardaire Pascal Monkam qui \u00e9tait oblig\u00e9 de monter au cr\u00e9neau pour d\u00e9mentir la mort de son p\u00e8re, en \u00e9vacuation sanitaire en Afrique du Sud.<\/p>\n<\/div>\n<p>Auteur: journalducameroun<br \/>\n<a href=\"https:\/\/www.journalducameroun.com\/cameroun-une-rumeur-tue-lancienne-premiere-dame-germaine-ahidjo-cameroun-cameroun\/\">Cliquez ici pour lire l&rsquo;article depuis sa source.<\/a><\/p>\n","protected":false},"excerpt":{"rendered":"<p>Publi\u00e9 le 20.02.2021 \u00e0 20h46 par JournalduCameroun.com La famille de l\u2019ex-pr\u00e9sident oblig\u00e9 de d\u00e9mentir cette information en publiant une photo. C\u2019est vendredi 19 f\u00e9vrier 2021 en fin de soir\u00e9e que cette \u00ab\u00a0information\u00a0\u00bb circule, notamment sur les r\u00e9seaux sociaux. L\u2019ex-premi\u00e8re dame du Cameroun serait d\u00e9c\u00e9d\u00e9e dans son exil dakarois, des suites de maladie. Tr\u00e8s vite des [&hellip;]<\/p>\n","protected":false},"author":1965,"featured_media":0,"comment_status":"closed","ping_status":"closed","sticky":false,"template":"","format":"standard","meta":{"fifu_image_url":"","fifu_image_alt":"","footnotes":""},"categories":[73,82],"tags":[],"class_list":["post-111696","post","type-post","status-publish","format-standard","hentry","category-actualite","category-cameroun"],"_links":{"self":[{"href":"https:\/\/linitiative.ca\/International\/wp-json\/wp\/v2\/posts\/111696","targetHints":{"allow":["GET"]}}],"collection":[{"href":"https:\/\/linitiative.ca\/International\/wp-json\/wp\/v2\/posts"}],"about":[{"href":"https:\/\/linitiative.ca\/International\/wp-json\/wp\/v2\/types\/post"}],"author":[{"embeddable":true,"href":"https:\/\/linitiative.ca\/International\/wp-json\/wp\/v2\/users\/1965"}],"replies":[{"embeddable":true,"href":"https:\/\/linitiative.ca\/International\/wp-json\/wp\/v2\/comments?post=111696"}],"version-history":[{"count":0,"href":"https:\/\/linitiative.ca\/International\/wp-json\/wp\/v2\/posts\/111696\/revisions"}],"wp:attachment":[{"href":"https:\/\/linitiative.ca\/International\/wp-json\/wp\/v2\/media?parent=111696"}],"wp:term":[{"taxonomy":"category","embeddable":true,"href":"https:\/\/linitiative.ca\/International\/wp-json\/wp\/v2\/categories?post=111696"},{"taxonomy":"post_tag","embeddable":true,"href":"https:\/\/linitiative.ca\/International\/wp-json\/wp\/v2\/tags?post=111696"}],"curies":[{"name":"wp","href":"https:\/\/api.w.org\/{rel}","templated":true}]}}