{"id":111697,"date":"2021-02-20T15:18:02","date_gmt":"2021-02-20T20:18:02","guid":{"rendered":"https:\/\/linitiative.ca\/International\/maroc-telecom-compte-73-millions-abonnes-en-2020\/"},"modified":"2021-02-20T15:18:02","modified_gmt":"2021-02-20T20:18:02","slug":"maroc-telecom-compte-73-millions-abonnes-en-2020","status":"publish","type":"post","link":"https:\/\/linitiative.ca\/International\/maroc-telecom-compte-73-millions-abonnes-en-2020\/","title":{"rendered":"Maroc Telecom compte 73 millions abonn\u00e9s en 2020"},"content":{"rendered":"<div readability=\"32\">\n<p>Publi\u00e9 le 20.02.2021 \u00e0 21h18 par APA News<\/p>\n<\/div>\n<div readability=\"92\">\n<p>L\u2019op\u00e9rateur marocain de t\u00e9l\u00e9phonie compte 73 millions abonn\u00e9s en 2020, soit une progression de 8,1% par rapport \u00e0 l\u2019ann\u00e9e d\u2019avant, a annonc\u00e9 le Groupe.Cette hausse s\u2019explique notamment par la croissance des parcs des filiales Moov Africa et du Fixe au Maroc, pr\u00e9cise Maroc Telecom dans ses r\u00e9sultats consolid\u00e9s de 2020.<\/p>\n<p>Dans le d\u00e9tail, le parc Mobile au Maroc compte 19,5 millions de clients \u00e0 fin 2020, en baisse de 2,8% sur un an, fait savoir la m\u00eame source, notant que le chiffre d\u2019affaires mobile a recul\u00e9 de 6,5% par rapport \u00e0 la m\u00eame p\u00e9riode de 2019, \u00e0 13,351 milliards de dirhams (1 euro = 10,6 DH), impact\u00e9 par les effets de la pand\u00e9mie de Covid-19 et le contexte concurrentiel.<\/p>\n<p>Le groupe fait en outre savoir que le parc Fixe a maintenu sa bonne dynamique, en affichant une progression de 6,6% \u00e0 2 millions de lignes, notant que le parc haut d\u00e9bit compte d\u00e9sormais 1,7 million d\u2019abonn\u00e9s, en hausse de 10,4%. Les activit\u00e9s Fixe et Internet au Maroc continuent d\u2019am\u00e9liorer leur performance et g\u00e9n\u00e8rent un chiffre d\u2019affaires de 9,52 milliards DH, en hausse de 2,8% par rapport \u00e0 2019.<\/p>\n<p>A l\u2019international, le parc mobile a d\u00e9pass\u00e9 les 49,22 millions de clients r\u00e9partis sur la Mauritanie (2,64 millions), Burkina Faso (9,38 millions), Gabon (1,63 million), Mali (9,68 millions), C\u00f4te d\u2019ivoire (10,05 millions), B\u00e9nin (4,68 millions), Togo (3,38 millions), Niger (3 millions), Centrafrique (189.000) et Tchad (4,577 millions).<\/p>\n<\/div>\n<p>Auteur: APA News<br \/>\n<a href=\"https:\/\/www.journalducameroun.com\/maroc-telecom-compte-73-millions-abonnes-en-2020\/\">Cliquez ici pour lire l&rsquo;article depuis sa source.<\/a><\/p>\n","protected":false},"excerpt":{"rendered":"<p>Publi\u00e9 le 20.02.2021 \u00e0 21h18 par APA News L\u2019op\u00e9rateur marocain de t\u00e9l\u00e9phonie compte 73 millions abonn\u00e9s en 2020, soit une progression de 8,1% par rapport \u00e0 l\u2019ann\u00e9e d\u2019avant, a annonc\u00e9 le Groupe.Cette hausse s\u2019explique notamment par la croissance des parcs des filiales Moov Africa et du Fixe au Maroc, pr\u00e9cise Maroc Telecom dans ses r\u00e9sultats [&hellip;]<\/p>\n","protected":false},"author":1965,"featured_media":0,"comment_status":"closed","ping_status":"closed","sticky":false,"template":"","format":"standard","meta":{"fifu_image_url":"","fifu_image_alt":"","footnotes":""},"categories":[73,82],"tags":[],"class_list":["post-111697","post","type-post","status-publish","format-standard","hentry","category-actualite","category-cameroun"],"_links":{"self":[{"href":"https:\/\/linitiative.ca\/International\/wp-json\/wp\/v2\/posts\/111697","targetHints":{"allow":["GET"]}}],"collection":[{"href":"https:\/\/linitiative.ca\/International\/wp-json\/wp\/v2\/posts"}],"about":[{"href":"https:\/\/linitiative.ca\/International\/wp-json\/wp\/v2\/types\/post"}],"author":[{"embeddable":true,"href":"https:\/\/linitiative.ca\/International\/wp-json\/wp\/v2\/users\/1965"}],"replies":[{"embeddable":true,"href":"https:\/\/linitiative.ca\/International\/wp-json\/wp\/v2\/comments?post=111697"}],"version-history":[{"count":0,"href":"https:\/\/linitiative.ca\/International\/wp-json\/wp\/v2\/posts\/111697\/revisions"}],"wp:attachment":[{"href":"https:\/\/linitiative.ca\/International\/wp-json\/wp\/v2\/media?parent=111697"}],"wp:term":[{"taxonomy":"category","embeddable":true,"href":"https:\/\/linitiative.ca\/International\/wp-json\/wp\/v2\/categories?post=111697"},{"taxonomy":"post_tag","embeddable":true,"href":"https:\/\/linitiative.ca\/International\/wp-json\/wp\/v2\/tags?post=111697"}],"curies":[{"name":"wp","href":"https:\/\/api.w.org\/{rel}","templated":true}]}}