{"id":111698,"date":"2021-02-20T15:18:03","date_gmt":"2021-02-20T20:18:03","guid":{"rendered":"https:\/\/linitiative.ca\/International\/gabon-un-mouvement-de-contestation-anti-covid19-vire-au-drame\/"},"modified":"2021-02-20T15:18:03","modified_gmt":"2021-02-20T20:18:03","slug":"gabon-un-mouvement-de-contestation-anti-covid19-vire-au-drame","status":"publish","type":"post","link":"https:\/\/linitiative.ca\/International\/gabon-un-mouvement-de-contestation-anti-covid19-vire-au-drame\/","title":{"rendered":"Gabon: un mouvement de contestation anti-Covid19 vire au drame"},"content":{"rendered":"<div readability=\"32\">\n<p>Publi\u00e9 le 20.02.2021 \u00e0 21h18 par APA News<\/p>\n<\/div>\n<div readability=\"61\">\n<p>Deux personnes sont mortes \u00e0 Libreville dans un mouvement de contestation contre les mesures restrictives contre le coronavirus.Ce mouvement d\u00e9nomm\u00e9 la \u00ab r\u00e9volution des casseroles \u00bb a vir\u00e9 au drame \u00e0 Libreville dans la nuit du 18 f\u00e9vrier. Deux \u00ab r\u00e9volutionnaires \u00bb ont perdu la vie lors du deuxi\u00e8me acte de la manifestation.\u00a0<\/p>\n<p>Chaque soir \u00e0 20h 00, les Gabonais sont invit\u00e9s \u00e0 se mettre devant les portes ou fen\u00eatres et \u00e0 taper sur une casserole durant cinq minutes.\u00a0<\/p>\n<p>Ce mouvement non violent a \u00e9t\u00e9 lanc\u00e9 pour protester contre les mesures gouvernementales visant \u00e0 endiguer la propoagation du\u00a0coronavirus.\u00a0<\/p>\n<p>\u00ab\u00a0Dans des circonstances non encore \u00e9lucid\u00e9es, deux personnes \u00e0 Libreville ont subi des blessures par balles et en ont succomb\u00e9\u00a0\u00bb, a dit le g\u00e9n\u00e9ral de brigade Serge Herv\u00e9 Ngoma, lors d\u2019une d\u00e9claration relay\u00e9e sur les r\u00e9seaux sociaux.<\/p>\n<p>Dans vid\u00e9os devenues virales sur les r\u00e9seaux sociaux\u00a0des victimes entour\u00e9es de badauds et parents en pleurs circulent, entra\u00eenant une vague d\u2019indignation de l\u2019opposition.<\/p>\n<p>Le Procureur de la R\u00e9publique a annonc\u00e9 l\u2019ouverture d\u2019une enqu\u00eate pour \u00e9lucider ces bavures. \u00ab Les premiers \u00e9l\u00e9ments de l\u2019enqu\u00eate r\u00e9v\u00e8lent qu\u2019un v\u00e9hicule de type Toyota Prado a \u00e9t\u00e9 vu sur les lieux avec des personnes portant des cagoules et qui ont ouvert le feu \u00bb relate certaines sources.\u00a0<\/p>\n<p>Des autopsies vont \u00eatre pratiqu\u00e9es sur les corps des victimes et un point sur l\u2019avanc\u00e9e de l\u2019enqu\u00eate sera fait en temps utile indique le Procureur de la r\u00e9publique.\u00a0<\/p>\n<\/div>\n<p>Auteur: APA News<br \/>\n<a href=\"https:\/\/www.journalducameroun.com\/gabon-un-mouvement-de-contestation-anti-covid19-vire-au-drame\/\">Cliquez ici pour lire l&rsquo;article depuis sa source.<\/a><\/p>\n","protected":false},"excerpt":{"rendered":"<p>Publi\u00e9 le 20.02.2021 \u00e0 21h18 par APA News Deux personnes sont mortes \u00e0 Libreville dans un mouvement de contestation contre les mesures restrictives contre le coronavirus.Ce mouvement d\u00e9nomm\u00e9 la \u00ab r\u00e9volution des casseroles \u00bb a vir\u00e9 au drame \u00e0 Libreville dans la nuit du 18 f\u00e9vrier. Deux \u00ab r\u00e9volutionnaires \u00bb ont perdu la vie lors [&hellip;]<\/p>\n","protected":false},"author":1965,"featured_media":0,"comment_status":"closed","ping_status":"closed","sticky":false,"template":"","format":"standard","meta":{"fifu_image_url":"","fifu_image_alt":"","footnotes":""},"categories":[73,82],"tags":[],"class_list":["post-111698","post","type-post","status-publish","format-standard","hentry","category-actualite","category-cameroun"],"_links":{"self":[{"href":"https:\/\/linitiative.ca\/International\/wp-json\/wp\/v2\/posts\/111698","targetHints":{"allow":["GET"]}}],"collection":[{"href":"https:\/\/linitiative.ca\/International\/wp-json\/wp\/v2\/posts"}],"about":[{"href":"https:\/\/linitiative.ca\/International\/wp-json\/wp\/v2\/types\/post"}],"author":[{"embeddable":true,"href":"https:\/\/linitiative.ca\/International\/wp-json\/wp\/v2\/users\/1965"}],"replies":[{"embeddable":true,"href":"https:\/\/linitiative.ca\/International\/wp-json\/wp\/v2\/comments?post=111698"}],"version-history":[{"count":0,"href":"https:\/\/linitiative.ca\/International\/wp-json\/wp\/v2\/posts\/111698\/revisions"}],"wp:attachment":[{"href":"https:\/\/linitiative.ca\/International\/wp-json\/wp\/v2\/media?parent=111698"}],"wp:term":[{"taxonomy":"category","embeddable":true,"href":"https:\/\/linitiative.ca\/International\/wp-json\/wp\/v2\/categories?post=111698"},{"taxonomy":"post_tag","embeddable":true,"href":"https:\/\/linitiative.ca\/International\/wp-json\/wp\/v2\/tags?post=111698"}],"curies":[{"name":"wp","href":"https:\/\/api.w.org\/{rel}","templated":true}]}}