{"id":111701,"date":"2021-02-20T15:26:54","date_gmt":"2021-02-20T20:26:54","guid":{"rendered":"https:\/\/linitiative.ca\/International\/enseignement-superieur-beni-mellal-accueille-la-premiere-reunion-des-rencontres-sur-la-loi-cadre\/"},"modified":"2021-02-20T15:26:54","modified_gmt":"2021-02-20T20:26:54","slug":"enseignement-superieur-beni-mellal-accueille-la-premiere-reunion-des-rencontres-sur-la-loi-cadre","status":"publish","type":"post","link":"https:\/\/linitiative.ca\/International\/enseignement-superieur-beni-mellal-accueille-la-premiere-reunion-des-rencontres-sur-la-loi-cadre\/","title":{"rendered":"Enseignement sup\u00e9rieur : B\u00e9ni Mellal accueille la premi\u00e8re r\u00e9union des rencontres sur la loi-cadre"},"content":{"rendered":"<figure class=\"post-thumbnail\" itemprop=\"associatedMedia\" itemscope=\"itemscope\" itemtype=\"http:\/\/schema.org\/ImageObject\"><img decoding=\"async\" class=\"post_layout_5_img\" src=\"http:\/\/aujourdhui.ma\/wp-content\/uploads\/2016\/06\/Enseignement-Superieur-etudiant-marocain.jpg\" alt=\"Enseignement sup\u00e9rieur : B\u00e9ni Mellal accueille la premi\u00e8re r\u00e9union des rencontres sur la loi-cadre\"\/><\/figure>\n<p class=\"v1MsoNormal\">Les rencontres r\u00e9gionales de coordination et de suivi des projets de la loi-cadre 51.17 sont bel et bien lanc\u00e9es. <span id=\"more-368911\"\/>Ainsi, le ministre de l\u2019\u00c9ducation nationale, de la formation professionnelle, de l\u2019enseignement sup\u00e9rieur et de la recherche scientifique, porte-parole du Gouvernement, Saa\u00efd Amzazi, a donn\u00e9, samedi, \u00e0 B\u00e9ni Mellal, le coup d\u2019envoi de ces rencontres en pr\u00e9sence notamment du Conseiller de SM le Roi, Andr\u00e9 Azoulay.<\/p>\n<p class=\"v1MsoNormal\">Cette rencontre fait partie d\u2019une s\u00e9rie de r\u00e9unions qui visent \u00e0 renforcer la mobilisation et la communication avec les acteurs r\u00e9gionaux et les partenaires du syst\u00e8me \u00e9ducatif pour consolider leur adh\u00e9sion au processus de r\u00e9forme en cours, partant du fait que la question de l\u2019\u00e9ducation est une affaire de soci\u00e9t\u00e9 qui n\u00e9cessite la collaboration de toutes les parties prenantes en vue d\u2019atteindre les objectifs escompt\u00e9s dans ce domaine.<\/p>\n<p class=\"v1MsoNormal\">Au cours de cette rencontre, Mustafa Slifani, directeur de l\u2019AREF de B\u00e9ni Mellal-Kh\u00e9nifra a, de son c\u00f4t\u00e9, mis en avant les diff\u00e9rentes dispositions de la loi-cadre 51-17, d\u00e9clin\u00e9es \u00e0 travers un portefeuille de projets, ainsi que la m\u00e9thodologie adopt\u00e9e pour leur mise en \u0153uvre au niveau r\u00e9gional, en plus du plan d\u2019action de l\u2019Acad\u00e9mie pour l\u2019activation de ses dispositions.\u00a0 Il a \u00e9galement pr\u00e9sent\u00e9 le bilan d\u2019\u00e9tape relatif \u00e0 la mise en \u0153uvre des 18 projets initi\u00e9s par le minist\u00e8re dans la r\u00e9gion dans le cadre de la loi-cadre 51.17, ayant traits aux domaines de l\u2019\u00e9quit\u00e9 et de l\u2019\u00e9galit\u00e9 des chances, l\u2019am\u00e9lioration de la qualit\u00e9 de l\u2019\u00e9ducation et de la formation, et la gouvernance et la mobilisation.<\/p>\n<p class=\"v1MsoNormal\">M. Slifani a, en outre, mis en relief l\u2019am\u00e9lioration d\u2019un certain nombre d\u2019indicateurs en mati\u00e8re d\u2019enseignement, en plus de certaines initiatives r\u00e9gionales visant \u00e0 am\u00e9liorer la gouvernance, outre la mise en place d\u2019un cadre contractuel avec les directions provinciales pour moderniser le syst\u00e8me \u00e9ducatif au niveau r\u00e9gional.<\/p>\n<p class=\"v1MsoNormal\">A l\u2019issue de cette rencontre, une convention de partenariat a \u00e9t\u00e9 sign\u00e9e entre de l\u2019Association Essaouira-Mogador, l\u2019Acad\u00e9mie r\u00e9gionale de l\u2019\u00e9ducation et de la formation (AREF) de B\u00e9ni Mellal-Kh\u00e9nifra, et le Centre d\u2019\u00c9tudes et de recherches Abraham Zagouri sur le droit h\u00e9bra\u00efque au Maroc.<\/p>\n<p class=\"v1MsoNormal\">Cette convention vise \u00e0 \u00e9tablir un cadre g\u00e9n\u00e9ral de coop\u00e9ration et de partenariat entre les signataires afin de renforcer et d\u00e9velopper les capacit\u00e9s et les r\u00f4les p\u00e9dagogiques, culturels et civiques de l\u2019\u00e9cole marocaine.<\/p>\n<p class=\"v1MsoNormal\">La convention ambitionne \u00e9galement de promouvoir la culture de la citoyennet\u00e9 et le civisme en milieu scolaire et ainsi que les valeurs de tol\u00e9rance, de pluralit\u00e9, du vivre-ensemble et de coexistence.<\/p>\n<p>Auteur: ALM<br \/>\n<a href=\"https:\/\/aujourdhui.ma\/actualite\/enseignement-superieur-beni-mellal-accueille-la-premiere-reunion-des-rencontres-sur-la-loi-cadre\">Cliquez ici pour lire l&rsquo;article depuis sa source.<\/a><\/p>\n","protected":false},"excerpt":{"rendered":"<p>Les rencontres r\u00e9gionales de coordination et de suivi des projets de la loi-cadre 51.17 sont bel et bien lanc\u00e9es. Ainsi, le ministre de l\u2019\u00c9ducation nationale, de la formation professionnelle, de l\u2019enseignement sup\u00e9rieur et de la recherche scientifique, porte-parole du Gouvernement, Saa\u00efd Amzazi, a donn\u00e9, samedi, \u00e0 B\u00e9ni Mellal, le coup d\u2019envoi de ces rencontres en [&hellip;]<\/p>\n","protected":false},"author":1759,"featured_media":0,"comment_status":"closed","ping_status":"closed","sticky":false,"template":"","format":"standard","meta":{"fifu_image_url":"http:\/\/aujourdhui.ma\/wp-content\/uploads\/2016\/06\/Enseignement-Superieur-etudiant-marocain.jpg","fifu_image_alt":"Enseignement sup\u00e9rieur : B\u00e9ni Mellal accueille la premi\u00e8re r\u00e9union des rencontres sur la loi-cadre","footnotes":""},"categories":[73,54],"tags":[],"class_list":["post-111701","post","type-post","status-publish","format-standard","hentry","category-actualite","category-maroc"],"_links":{"self":[{"href":"https:\/\/linitiative.ca\/International\/wp-json\/wp\/v2\/posts\/111701","targetHints":{"allow":["GET"]}}],"collection":[{"href":"https:\/\/linitiative.ca\/International\/wp-json\/wp\/v2\/posts"}],"about":[{"href":"https:\/\/linitiative.ca\/International\/wp-json\/wp\/v2\/types\/post"}],"author":[{"embeddable":true,"href":"https:\/\/linitiative.ca\/International\/wp-json\/wp\/v2\/users\/1759"}],"replies":[{"embeddable":true,"href":"https:\/\/linitiative.ca\/International\/wp-json\/wp\/v2\/comments?post=111701"}],"version-history":[{"count":0,"href":"https:\/\/linitiative.ca\/International\/wp-json\/wp\/v2\/posts\/111701\/revisions"}],"wp:attachment":[{"href":"https:\/\/linitiative.ca\/International\/wp-json\/wp\/v2\/media?parent=111701"}],"wp:term":[{"taxonomy":"category","embeddable":true,"href":"https:\/\/linitiative.ca\/International\/wp-json\/wp\/v2\/categories?post=111701"},{"taxonomy":"post_tag","embeddable":true,"href":"https:\/\/linitiative.ca\/International\/wp-json\/wp\/v2\/tags?post=111701"}],"curies":[{"name":"wp","href":"https:\/\/api.w.org\/{rel}","templated":true}]}}