{"id":111704,"date":"2021-02-21T06:40:03","date_gmt":"2021-02-21T11:40:03","guid":{"rendered":"https:\/\/linitiative.ca\/International\/alerte-meteo-fortes-pluies-localement-orageuses-et-chutes-de-neige-ce-dimanche\/"},"modified":"2021-02-21T06:40:03","modified_gmt":"2021-02-21T11:40:03","slug":"alerte-meteo-fortes-pluies-localement-orageuses-et-chutes-de-neige-ce-dimanche","status":"publish","type":"post","link":"https:\/\/linitiative.ca\/International\/alerte-meteo-fortes-pluies-localement-orageuses-et-chutes-de-neige-ce-dimanche\/","title":{"rendered":"Alerte m\u00e9t\u00e9o: Fortes pluies localement orageuses et chutes de neige, ce dimanche"},"content":{"rendered":"<p><head><br \/>\n<meta charset=\"UTF-8\"\/><\/p>\n<link rel=\"profile\" href=\"\/\/gmpg.org\/xfn\/11\"\/>\n<link rel=\"pingback\" href=\"\/\/aujourdhui.ma\/xmlrpc.php\"\/>\n<title>Alerte m\u00e9t\u00e9o: Fortes pluies localement orageuses et chutes de neige, ce dimanche | Aujourd&rsquo;hui le Maroc<\/title>\n<link rel=\"stylesheet\" href=\"\/\/aujourdhui.ma\/wp-content\/cache\/min\/1\/db78c5e9dcdf76c0dca5f54a3ac9fbad.css\" media=\"all\" data-minify=\"1\"\/>\n<meta property=\"og:image\" content=\"https:http:\/\/aujourdhui.ma\/wp-content\/uploads\/2021\/01\/meteo-vent.jpg\"\/><br \/>\n<meta property=\"og:image:width\" content=\"1024\"\/><br \/>\n<meta property=\"og:image:height\" content=\"1024\"\/><br \/>\n<meta property=\"og:title\" content=\"Alerte m\u00e9t\u00e9o: Fortes pluies localement orageuses et chutes de neige, ce dimanche\"\/><br \/>\n<meta property=\"og:type\" content=\"article\"\/><br \/>\n<meta property=\"og:description\" content=\"De fortes pluies localement orageuses, des chutes de neige et de fortes rafales de vent sont attendues dimanche dans plusieurs provinces du Royaume, a annonc\u00e9 dimanche la Direction g\u00e9n\u00e9rale de la m\u00e9t\u00e9\"\/><br \/>\n<meta property=\"og:url\" content=\"https:\/\/aujourdhui.ma\/actualite\/alerte-meteo-fortes-pluies-localement-orageuses-et-chutes-de-neige-ce-dimanche\"\/><br \/>\n<meta property=\"og:site_name\" content=\"Aujourd'hui le Maroc\"\/><br \/>\n<meta name=\"viewport\" content=\"width=device-width, initial-scale=1, maximum-scale=1\"\/>\n<link rel=\"stylesheet\" type=\"text\/css\" href=\"\/\/aujourdhui.ma\/wp-content\/themes\/multinews\/css\/print.css\" media=\"print\"\/>\n<link rel=\"shortcut icon\" href=\"\/\/aujourdhui.ma\/wp-content\/uploads\/2016\/02\/favico.png\"\/>\n<link rel=\"apple-touch-icon\" href=\"\/\/aujourdhui.ma\/wp-content\/uploads\/2016\/02\/favico.png\"\/>\n<title>Alerte m\u00e9t\u00e9o: Fortes pluies localement orageuses et chutes de neige, ce dimanche \u2013 Aujourd&rsquo;hui le Maroc<\/title>\n<link rel=\"dns-prefetch\" href=\"\/\/www.google.com\"\/>\n<link rel=\"dns-prefetch\" href=\"\/\/fonts.googleapis.com\"\/>\n<link href=\"\/\/fonts.gstatic.com\" crossorigin=\"\" rel=\"preconnect\"\/>\n<link rel=\"alternate\" type=\"application\/rss+xml\" title=\"Aujourd'hui le Maroc \u00bb Flux\" href=\"\/\/aujourdhui.ma\/feed\"\/>\n<link rel=\"alternate\" type=\"application\/rss+xml\" title=\"Aujourd'hui le Maroc \u00bb Flux des commentaires\" href=\"\/\/aujourdhui.ma\/comments\/feed\"\/>\n<link rel=\"alternate\" type=\"application\/rss+xml\" title=\"Aujourd'hui le Maroc \u00bb Alerte m\u00e9t\u00e9o: Fortes pluies localement orageuses et chutes de neige, ce dimanche Flux des commentaires\" href=\"\/\/aujourdhui.ma\/actualite\/alerte-meteo-fortes-pluies-localement-orageuses-et-chutes-de-neige-ce-dimanche\/feed\"\/>\n<link rel=\"stylesheet\" id=\"redux-google-fonts-mom_options-css\" href=\"\/\/fonts.googleapis.com\/css?family=Lato%3A100%2C300%2C400%2C700%2C900%2C100italic%2C300italic%2C400italic%2C700italic%2C900italic&amp;subset=latin&amp;ver=1610440674&amp;display=swap\" type=\"text\/css\" media=\"all\"\/>\n<link rel=\"https:\/\/api.w.org\/\" href=\"\/\/aujourdhui.ma\/wp-json\/\"\/>\n<link rel=\"alternate\" type=\"application\/json\" href=\"\/\/aujourdhui.ma\/wp-json\/wp\/v2\/posts\/368917\"\/>\n<link rel=\"EditURI\" type=\"application\/rsd+xml\" title=\"RSD\" href=\"\/\/aujourdhui.ma\/xmlrpc.php?rsd\"\/>\n<link rel=\"wlwmanifest\" type=\"application\/wlwmanifest+xml\" href=\"\/\/aujourdhui.ma\/wp-includes\/wlwmanifest.xml\"\/>\n<meta name=\"generator\" content=\"WordPress 5.5.3\"\/>\n<link rel=\"canonical\" href=\"\/\/aujourdhui.ma\/actualite\/alerte-meteo-fortes-pluies-localement-orageuses-et-chutes-de-neige-ce-dimanche\"\/>\n<link rel=\"shortlink\" href=\"\/\/aujourdhui.ma\/?p=368917\"\/>\n<link rel=\"alternate\" type=\"application\/json+oembed\" href=\"\/\/aujourdhui.ma\/wp-json\/oembed\/1.0\/embed?url=https%3A%2F%2Faujourdhui.ma%2Factualite%2Falerte-meteo-fortes-pluies-localement-orageuses-et-chutes-de-neige-ce-dimanche\"\/>\n<link rel=\"alternate\" type=\"text\/xml+oembed\" href=\"\/\/aujourdhui.ma\/wp-json\/oembed\/1.0\/embed?url=https%3A%2F%2Faujourdhui.ma%2Factualite%2Falerte-meteo-fortes-pluies-localement-orageuses-et-chutes-de-neige-ce-dimanche&amp;format=xml\"\/>\n<p><meta name=\"generator\" content=\"Powered by WPBakery Page Builder - drag and drop page builder for WordPress.\"\/><\/p>\n<p><noscript><br \/>\n<\/noscript><\/p>\n<p><\/head><br \/>\n<body class=\"post-template-default single single-post postid-368917 single-format-standard right-sidebar one_side_bar_layout singular fade-imgs-in-appear sticky_navigation_on responsive_enabled no-bnmenu wp_gallery_lightbox_on post_views_with_ajax multinews-2.4.1 mom-body wpb-js-composer js-comp-ver-6.4.1 vc_responsive\" role=\"article\" itemscope=\"itemscope\" itemtype=\"http:\/\/schema.org\/Article\" id=\"readabilityBody\"><br \/>\n<a class=\"ad_bg c1\" href=\"https:\/\/aujourdhui.ma\/journaux-supplements-hors-series\" target=\"_blank\" rel=\"noopener\">\u00a0<\/a><\/p>\n<div class=\"wrap_every_thing fixed_wrap fixed clearfix\">\n<div class=\"wrap clearfix\">\n<p><meta itemscope=\"itemscope\" itemprop=\"mainEntityOfPage\" itemtype=\"https:\/\/schema.org\/WebPage\" itemid=\"https:\/\/aujourdhui.ma\/actualite\/alerte-meteo-fortes-pluies-localement-orageuses-et-chutes-de-neige-ce-dimanche\"\/><\/p>\n<p><meta itemprop=\"datePublished\" content=\"2021-02-21T12:40:03+01:00\"\/><br \/>\n<meta itemprop=\"dateModified\" content=\"2021-02-21T12:40:03+01:00\"\/><\/p>\n<div class=\"main-container\">\n<div class=\"main-left main-content site-content page-wrap\">\n<article id=\"post-368917\" class=\"post-368917 post type-post status-publish format-standard has-post-thumbnail category-actualite category-une tag-flash\" data-id=\"368917\">\n<header>\n<\/header>\n<div class=\"entry-content clearfix\">\n<figure class=\"post-thumbnail\" itemprop=\"associatedMedia\" itemscope=\"itemscope\" itemtype=\"http:\/\/schema.org\/ImageObject\"><img decoding=\"async\" class=\"post_layout_5_img\" src=\"http:\/\/aujourdhui.ma\/wp-content\/uploads\/2021\/01\/meteo-vent.jpg\" alt=\"Alerte m\u00e9t\u00e9o: Fortes pluies localement orageuses et chutes de neige, ce dimanche\"\/><\/figure>\n<h4><strong><span class=\"c5\">De fortes pluies localement orageuses, des chutes de neige et de fortes rafales de vent sont attendues dimanche dans plusieurs provinces du Royaume, a annonc\u00e9 dimanche la Direction g\u00e9n\u00e9rale de la m\u00e9t\u00e9orologie (DGM).<\/span><\/strong><\/h4>\n<h4>\u00a0Ainsi, de fortes pluies localement orageuses (30 \u00e0 40 mm) sont pr\u00e9vues dimanche de 10h00 \u00e0 18h00 dans les provinces de Tanger-Assilah, Larache, Kenitra, Rabat, Sal\u00e9, Skhirat-Temara, Ouezzane, Taounate, Chefchaouen, Sidi Kacem et Sidi Slimane, a pr\u00e9cis\u00e9 la DGM dans un bulletin d\u2019alerte m\u00e9t\u00e9orologique de niveau orange. Des pluies ou averses parfois mod\u00e9r\u00e9es et localement orageuses (15 \u00e0 30 mm) sont attendues dimanche de 10h00 \u00e0 18h00 sur les provinces de Casablanca, Mediouna, Mohammedia, El-Jadida, Berrechid, Ifrane, Khenifra, Al Haouz, Nouaceur, Azilal, Beni Mellal, Khemisset, Khouribga, Taroudant et Tiznit, poursuit le bulletin.<\/h4>\n<h4>Par ailleurs, des chutes de neige \u00e0 partir de 1.500 m (10 \u00e0 40 cm) int\u00e9resseront dimanche les provinces de Chichaoua, Azilal, Al Haouz, Ouarzazate, Tinghir, Beni Mellal, Khenifra, Ifrane, Midelt, Boulemane, Sefrou, Taroudant, Chefchaouen, Al Hoceima et Taza, indique la DGM.<\/h4>\n<h4>De m\u00eame, de fortes rafales de vent (75 \u00e0 90 km\/h) sont attendues dimanche dans les provinces d\u2019Al Haouz, Al Hoceima, Azilal, Berrechid, Boulemane, Casablanca, Chefchaouen, Chichaoua, Driouch, El Jadida, Errachidia, Essaouira, Fahs-Anjra, Figuig, Jerada, Mdiq-Fnideq, Marrakech, Mediouna, Midelt, Mohammedia, Nador, Nouaceur, Ouarzazate, Oujda-Angad, Rehamna, Safi, Settat, Sidi Bennour, Tanger-Assilah, Taourirt, Taroudant, T\u00e9touan, Tinghir, Youssoufia et Zagora.<\/h4>\n<h4>D\u2019autre part, des baisses de temp\u00e9ratures toucheront dimanche l\u2019ensemble du Royaume, conclut le bulletin d\u2019alerte.<\/h4>\n<\/div>\n<\/article>\n<div class=\"entry-tag-links\"><span>Tags:<\/span><a href=\"https:\/\/aujourdhui.ma\/tag\/flash\" rel=\"tag\">flash<\/a><\/div>\n<div class=\"post-nav-links\">\n<div class=\"post-nav-prev\"><a href=\"https:\/\/aujourdhui.ma\/actualite\/covid-19-le-ministere-de-la-sante-appelle-les-citoyens-a-redoubler-de-vigilance\" rel=\"prev\"><span>Pr\u00e9c\u00e9dente :<\/span> Covid-19: Le minist\u00e8re de la sant\u00e9 appelle les citoyens \u00e0 redoubler de vigilance<\/a><\/div>\n<div class=\"post-nav-next\"><a href=\"https:\/\/aujourdhui.ma\/ejournal\/journal-electronique-du-lundi-22-fevrier-2021\" rel=\"next\"><span>Suivant :<\/span> Journal \u00c9lectronique du Lundi 22 F\u00e9vrier 2021<\/a><\/div>\n<\/div>\n<section class=\"post-section-box\">\n<header class=\"post-section-title\">\n<h2>Articles similaires<\/h2>\n<\/header>\n<ul class=\"mom-related-posts clearfix\">\n<li>\n<div class=\"related_posts_item_inner\">\n<figure class=\"post-thumbnail\"><a href=\"https:\/\/aujourdhui.ma\/actualite\/covid-19-le-ministere-de-la-sante-appelle-les-citoyens-a-redoubler-de-vigilance\"><img decoding=\"async\" src=\"http:\/\/aujourdhui.ma\/wp-content\/uploads\/2017\/01\/Ministere-Sante-maroc.jpg\" data-hidpi=\"https:http:\/\/aujourdhui.ma\/wp-content\/uploads\/2017\/01\/Ministere-Sante-maroc.jpg\" alt=\"Covid-19: Le minist\u00e8re de la sant\u00e9 appelle les citoyens \u00e0 redoubler de vigilance\" width=\"165px\" height=\"84px\"\/><\/a><\/figure>\n<p><time datetime=\"2021-02-21T10:30:09+01:00\" content=\"2021-02-21T10:30:09+01:00\">f\u00e9vrier 21, 2021<\/time><\/p>\n<\/div>\n<\/li>\n<li>\n<div class=\"related_posts_item_inner\">\n<figure class=\"post-thumbnail\"><a href=\"https:\/\/aujourdhui.ma\/societe\/dgsn-baisse-de-plus-de-18-des-accidents-de-la-circulation-en-2020\"><img decoding=\"async\" src=\"http:\/\/aujourdhui.ma\/wp-content\/uploads\/2021\/02\/Accidents-Maroc-165x84.jpg\" data-hidpi=\"https:http:\/\/aujourdhui.ma\/wp-content\/uploads\/2021\/02\/Accidents-Maroc-165x84.jpg\" alt=\"DGSN : Baisse de plus de 18% des accidents de la circulation en 2020\" width=\"165px\" height=\"84px\"\/><\/a><\/figure>\n<p><time datetime=\"2021-02-21T09:44:04+01:00\" content=\"2021-02-21T09:44:04+01:00\">f\u00e9vrier 21, 2021<\/time><\/p>\n<\/div>\n<\/li>\n<li>\n<div class=\"related_posts_item_inner\">\n<figure class=\"post-thumbnail\"><a href=\"https:\/\/aujourdhui.ma\/actualite\/enseignement-superieur-beni-mellal-accueille-la-premiere-reunion-des-rencontres-sur-la-loi-cadre\"><img decoding=\"async\" src=\"http:\/\/aujourdhui.ma\/wp-content\/uploads\/2016\/06\/Enseignement-Superieur-etudiant-marocain.jpg\" data-hidpi=\"https:http:\/\/aujourdhui.ma\/wp-content\/uploads\/2016\/06\/Enseignement-Superieur-etudiant-marocain.jpg\" alt=\"Enseignement sup\u00e9rieur : B\u00e9ni Mellal accueille la premi\u00e8re r\u00e9union des rencontres sur la loi-cadre\" width=\"165px\" height=\"84px\"\/><\/a><\/figure>\n<p><time datetime=\"2021-02-20T21:26:54+01:00\" content=\"2021-02-20T21:26:54+01:00\">f\u00e9vrier 20, 2021<\/time><\/p>\n<\/div>\n<\/li>\n<li>\n<div class=\"related_posts_item_inner\">\n<figure class=\"post-thumbnail\"><a href=\"https:\/\/aujourdhui.ma\/societe\/mortalite-routiere-une-baisse-exceptionnelle-en-2020-liee-a-la-crise-sanitaire\"><img decoding=\"async\" src=\"http:\/\/aujourdhui.ma\/wp-content\/uploads\/2021\/02\/Accident-165x84.jpg\" data-hidpi=\"https:http:\/\/aujourdhui.ma\/wp-content\/uploads\/2021\/02\/Accident-165x84.jpg\" alt=\"Mortalit\u00e9 routi\u00e8re : Une baisse exceptionnelle en 2020 li\u00e9e \u00e0 la crise sanitaire\" width=\"165px\" height=\"84px\"\/><\/a><\/figure>\n<p><time datetime=\"2021-02-20T18:45:06+01:00\" content=\"2021-02-20T18:45:06+01:00\">f\u00e9vrier 20, 2021<\/time><\/p>\n<\/div>\n<\/li>\n<\/ul>\n<\/section>\n<\/div>\n<\/div>\n<\/div>\n<p><a class=\"toup\" href=\"#\"\/><\/div>\n<p><meta http-equiv=\"REFRESH\" content=\"300\"\/><\/p>\n<p><\/body><\/p>\n<p>Auteur: ALM<br \/>\n<a href=\"https:\/\/aujourdhui.ma\/actualite\/alerte-meteo-fortes-pluies-localement-orageuses-et-chutes-de-neige-ce-dimanche\">Cliquez ici pour lire l&rsquo;article depuis sa source.<\/a><\/p>\n","protected":false},"excerpt":{"rendered":"<p>Alerte m\u00e9t\u00e9o: Fortes pluies localement orageuses et chutes de neige, ce dimanche | Aujourd&rsquo;hui le Maroc Alerte m\u00e9t\u00e9o: Fortes pluies localement orageuses et chutes de neige, ce dimanche \u2013 Aujourd&rsquo;hui le Maroc \u00a0 De fortes pluies localement orageuses, des chutes de neige et de fortes rafales de vent sont attendues dimanche dans plusieurs provinces du [&hellip;]<\/p>\n","protected":false},"author":1759,"featured_media":0,"comment_status":"closed","ping_status":"closed","sticky":false,"template":"","format":"standard","meta":{"fifu_image_url":"http:\/\/aujourdhui.ma\/wp-content\/uploads\/2021\/01\/meteo-vent.jpg","fifu_image_alt":"Alerte m\u00e9t\u00e9o: Fortes pluies localement orageuses et chutes de neige, ce dimanche","footnotes":""},"categories":[73,54],"tags":[],"class_list":["post-111704","post","type-post","status-publish","format-standard","hentry","category-actualite","category-maroc"],"_links":{"self":[{"href":"https:\/\/linitiative.ca\/International\/wp-json\/wp\/v2\/posts\/111704","targetHints":{"allow":["GET"]}}],"collection":[{"href":"https:\/\/linitiative.ca\/International\/wp-json\/wp\/v2\/posts"}],"about":[{"href":"https:\/\/linitiative.ca\/International\/wp-json\/wp\/v2\/types\/post"}],"author":[{"embeddable":true,"href":"https:\/\/linitiative.ca\/International\/wp-json\/wp\/v2\/users\/1759"}],"replies":[{"embeddable":true,"href":"https:\/\/linitiative.ca\/International\/wp-json\/wp\/v2\/comments?post=111704"}],"version-history":[{"count":0,"href":"https:\/\/linitiative.ca\/International\/wp-json\/wp\/v2\/posts\/111704\/revisions"}],"wp:attachment":[{"href":"https:\/\/linitiative.ca\/International\/wp-json\/wp\/v2\/media?parent=111704"}],"wp:term":[{"taxonomy":"category","embeddable":true,"href":"https:\/\/linitiative.ca\/International\/wp-json\/wp\/v2\/categories?post=111704"},{"taxonomy":"post_tag","embeddable":true,"href":"https:\/\/linitiative.ca\/International\/wp-json\/wp\/v2\/tags?post=111704"}],"curies":[{"name":"wp","href":"https:\/\/api.w.org\/{rel}","templated":true}]}}