{"id":111706,"date":"2021-02-21T08:40:48","date_gmt":"2021-02-21T13:40:48","guid":{"rendered":"https:\/\/linitiative.ca\/International\/covid-19-24-cas-positifs-a-la-nouvelle-souche-du-coronavirus\/"},"modified":"2021-02-21T08:40:48","modified_gmt":"2021-02-21T13:40:48","slug":"covid-19-24-cas-positifs-a-la-nouvelle-souche-du-coronavirus","status":"publish","type":"post","link":"https:\/\/linitiative.ca\/International\/covid-19-24-cas-positifs-a-la-nouvelle-souche-du-coronavirus\/","title":{"rendered":"Covid-19: 24 cas positifs \u00e0 la nouvelle souche du coronavirus"},"content":{"rendered":"<p class=\"c1\"><strong>Ouardirhi Abdelaziz<\/strong><\/p>\n<p class=\"has-text-color c2\"><strong>Le minist\u00e8re de la Sant\u00e9 vient d\u2019annoncer que 24 cas av\u00e9r\u00e9s de contamination par le variant anglais ont \u00e9t\u00e9 d\u00e9tect\u00e9s gr\u00e2ce au consortium de laboratoires publics et priv\u00e9s pour l\u2019identification des variants de SARS-CoV2 circulant au Maroc, mis en place par le minist\u00e8re de la Sant\u00e9 dans le cadre de sa strat\u00e9gie de veille g\u00e9nomique de la Covid-19.<\/strong><\/p>\n<p class=\"has-text-color has-vivid-red-color\"><strong>LE SARS-CoV-2<\/strong><\/p>\n<p>Le SARS-CoV-2 appartient \u00e0 la famille des coronavirus (CoV), d\u00e9nomination li\u00e9e \u00e0 la \u00ab\u00a0couronne\u00a0\u00bb que forment certaines prot\u00e9ines \u00e0 la surface de ces virus. Il a \u00e9t\u00e9 identifi\u00e9 pour la premi\u00e8re fois \u00e0 Wuhan en Chine, en d\u00e9cembre 2019.<\/p>\n<p>Le SARS-CoV-2 est le septi\u00e8me coronavirus pathog\u00e8ne pour l\u2019Homme. Il est responsable de la maladie Covid-19 (Coronavirus Disease 2019).<\/p>\n<p><strong>Qu\u2019est-ce que le variant anglais du Covid-19?<\/strong><\/p>\n<p>Le Coronavirus SARS-CoV2, comme tous les virus, se multiplie dans l\u2019organisme h\u00f4te (celui o\u00f9 il p\u00e9n\u00e8tre), qu\u2019il infecte.<\/p>\n<p>Cette multiplication s\u2019accompagne de quelques modifications du g\u00e9nome (ensemble du mat\u00e9riel g\u00e9n\u00e9tique, c\u2019est-\u00e0-dire des mol\u00e9cules d\u2019ADN, d\u2019une cellule ou d\u2019une esp\u00e8ce) encore appel\u00e9es mutations.<\/p>\n<p>La plupart des mutations sont silencieuses. Parfois, une mutation entra\u00eene l\u2019\u00e9mergence d\u2019une nouvelle souche du virus, l\u00e9g\u00e8rement diff\u00e9rente, que l\u2019on appelle un variant.<\/p>\n<p><strong>Faut-il s\u2019inqui\u00e9ter?<\/strong><\/p>\n<p>Si on se r\u00e9f\u00e8re aux observations et aux r\u00e9sultats des pays o\u00f9 le variant anglais est tr\u00e8s pr\u00e9sent comme en France par exemple, nous relevons, que le variant britannique du coronavirus repr\u00e9sentait d\u00e9sormais 36% des contaminations dans ce pays (sources officielles Fran\u00e7aises).<\/p>\n<p>La question qui taraude les esprits, c\u2019est celle de savoir comment \u00e9volue\u00a0 ce nouveau virus. Est-il plus dangereux que le SRASCOV2, faut-il s\u2019inqui\u00e9ter plus \u2026\u2026.\u00a0?<\/p>\n<p>Selon certaines \u00e9tudes scientifiques, les patients atteints du variant ne font pas de Covid plus grave qu\u2019avec la souche originelle, mais le malade est beaucoup plus contagieux. Les signes cliniques observ\u00e9s sont exactement les m\u00eames (fi\u00e8vre, toux, perte du gout et de l\u2019odorat, difficult\u00e9s respiratoires, etc\u2026).<\/p>\n<p>Le probl\u00e8me r\u00e9sulte du fait que la contamination passe par la transmission du virus d\u2019une personne \u00e0 une autre. Cependant, avec le variant anglais, \u00e7a va tr\u00e8s vite. Face \u00e0 une transmissibilit\u00e9 rapide, le nombre de cas de Covid augmente et donc en proportion, le nombre de cas de malades qui devront \u00eatre\u00a0 hospitalis\u00e9s repartira \u00e0 la hausse.<\/p>\n<p><strong>Faire preuve de vigilance<\/strong><\/p>\n<p>Conscient des responsabilit\u00e9s qui sont les siennes et soucieux de pr\u00e9server la sant\u00e9 de toute la population marocaine, le minist\u00e8re invite les citoyens \u00e0 redoubler de vigilance face \u00e0 l\u2019apparition de ces nouveaux variants qui inqui\u00e8tent et qui pourraient changer toute la donne en sapant les avanc\u00e9es consid\u00e9rables accomplies \u00e0 ce jour dans la lutte contre la pand\u00e9mie. Le d\u00e9partement rappelle par la m\u00eame occasion que la Covid-19 est toujours dans notre pays, que la campagne de vaccination contre le virus est toujours en cours et que l\u2019immunit\u00e9 collective n\u2019a pas encore \u00e9t\u00e9 atteinte.<\/p>\n<p>A ce titre, le respect strict des mesures de protection est toujours de rigueur, notamment le port du masque, la distanciation physique (plus d\u2019un m\u00e8tre) ainsi que le nettoyage r\u00e9gulier des mains \u00e0 l\u2019eau et au savon ou au gel hydroalcoolique. Rappelons que le premier cas associ\u00e9 au variant anglais au Maroc a \u00e9t\u00e9 confirm\u00e9 par le minist\u00e8re de la Sant\u00e9\u00a0le18 janvier 2021.<\/p>\n<p>Il s\u2019agissait d\u2019un homme de nationalit\u00e9 marocaine en provenance d\u2019Irlande, qui se trouvait \u00e0 bord d\u2019un bateau venu du port de Marseille, qui a accost\u00e9 \u00e0 Tanger. Ce jeune homme avait \u00e9t\u00e9 pris en charge selon le protocole sanitaire en vigueur, ainsi que toutes les personnes avec qui il \u00e9tait en contact.<\/p>\n<p>Auteur: M&rsquo;hammed rahal<br \/>\n<a href=\"http:\/\/albayane.press.ma\/covid-19-24-cas-positifs-a-la-nouvelle-souche-du-coronavirus.html\">Cliquez ici pour lire l&rsquo;article depuis sa source.<\/a><\/p>\n","protected":false},"excerpt":{"rendered":"<p>Ouardirhi Abdelaziz Le minist\u00e8re de la Sant\u00e9 vient d\u2019annoncer que 24 cas av\u00e9r\u00e9s de contamination par le variant anglais ont \u00e9t\u00e9 d\u00e9tect\u00e9s gr\u00e2ce au consortium de laboratoires publics et priv\u00e9s pour l\u2019identification des variants de SARS-CoV2 circulant au Maroc, mis en place par le minist\u00e8re de la Sant\u00e9 dans le cadre de sa strat\u00e9gie de [&hellip;]<\/p>\n","protected":false},"author":1760,"featured_media":0,"comment_status":"closed","ping_status":"closed","sticky":false,"template":"","format":"standard","meta":{"fifu_image_url":"","fifu_image_alt":"","footnotes":""},"categories":[73,54],"tags":[],"class_list":["post-111706","post","type-post","status-publish","format-standard","hentry","category-actualite","category-maroc"],"_links":{"self":[{"href":"https:\/\/linitiative.ca\/International\/wp-json\/wp\/v2\/posts\/111706","targetHints":{"allow":["GET"]}}],"collection":[{"href":"https:\/\/linitiative.ca\/International\/wp-json\/wp\/v2\/posts"}],"about":[{"href":"https:\/\/linitiative.ca\/International\/wp-json\/wp\/v2\/types\/post"}],"author":[{"embeddable":true,"href":"https:\/\/linitiative.ca\/International\/wp-json\/wp\/v2\/users\/1760"}],"replies":[{"embeddable":true,"href":"https:\/\/linitiative.ca\/International\/wp-json\/wp\/v2\/comments?post=111706"}],"version-history":[{"count":0,"href":"https:\/\/linitiative.ca\/International\/wp-json\/wp\/v2\/posts\/111706\/revisions"}],"wp:attachment":[{"href":"https:\/\/linitiative.ca\/International\/wp-json\/wp\/v2\/media?parent=111706"}],"wp:term":[{"taxonomy":"category","embeddable":true,"href":"https:\/\/linitiative.ca\/International\/wp-json\/wp\/v2\/categories?post=111706"},{"taxonomy":"post_tag","embeddable":true,"href":"https:\/\/linitiative.ca\/International\/wp-json\/wp\/v2\/tags?post=111706"}],"curies":[{"name":"wp","href":"https:\/\/api.w.org\/{rel}","templated":true}]}}