{"id":111710,"date":"2021-02-21T08:56:49","date_gmt":"2021-02-21T13:56:49","guid":{"rendered":"https:\/\/linitiative.ca\/International\/%ef%bb%bfles-algeriens-assistent-impuissants-a-une-fermeture-totale-de-linformation\/"},"modified":"2021-02-21T08:56:49","modified_gmt":"2021-02-21T13:56:49","slug":"%ef%bb%bfles-algeriens-assistent-impuissants-a-une-fermeture-totale-de-linformation","status":"publish","type":"post","link":"https:\/\/linitiative.ca\/International\/%ef%bb%bfles-algeriens-assistent-impuissants-a-une-fermeture-totale-de-linformation\/","title":{"rendered":"\ufeffLes Alg\u00e9riens assistent \u00abimpuissants\u00bb \u00e0 une \u00abfermeture totale de l\u2019information\u00bb"},"content":{"rendered":"<p class=\"has-text-color has-vivid-red-color c1\"><strong>A l\u2019approche de l\u2019anniversaire du d\u00e9clenchement du Hirak<\/strong><\/p>\n<p class=\"has-text-color c2\"><em><strong>Les Alg\u00e9riens assistent, \u00abimpuissants\u00bb, \u00e0 une \u00abfermeture totale de l\u2019information et son contr\u00f4le quasi-total par le pouvoir\u00bb, a d\u00e9nonc\u00e9 le chercheur alg\u00e9rien, Djidjeli Nacer.<\/strong><\/em><\/p>\n<p>\u00abApr\u00e8s quelques vell\u00e9it\u00e9s d\u2019un printemps m\u00e9diatique tr\u00e8s \u00e9ph\u00e9m\u00e8re, nous assistons impuissants \u00e0 une fermeture totale de l\u2019information et son contr\u00f4le quasi-totale par le pouvoir\u00bb, regrette-t-il dans une contribution intitul\u00e9e \u00abLa gouvernance par la peur : contre interview\u00bb, publi\u00e9e samedi par le site d\u2019information \u00abTSA\u00bb.<\/p>\n<p>Dans cet article, en r\u00e9action \u00e0 une \u00abpseudo-interview\u00bb, qui \u00abs\u2019apparente plus \u00e0 un tract de propagande qu\u2019\u00e0 un travail de journaliste\u00bb que le ministre alg\u00e9rien de la Communication et porte-parole du gouvernement avait donn\u00e9 r\u00e9cemment \u00e0 un quotidien alg\u00e9rien priv\u00e9, le chercheur rappelle \u00abla v\u00e9ritable crise frisant l\u2019hyst\u00e9rie\u00bb qui avait frapp\u00e9 les dirigeants alg\u00e9riens quand le parlement europ\u00e9en avait d\u00e9nonc\u00e9 il n\u2019y a pas si longtemps le non-respect des droits de l\u2019Homme dans leur pays.<\/p>\n<p>\u00abEn dehors de la confusion que font nos dirigeants entre parlement et commission europ\u00e9enne, de l\u2019\u00e9ternelle rh\u00e9torique du danger ext\u00e9rieur qui nous guette, des pays qui nous jalousent\u00bb, il se demande : \u00abQu\u2019en est-il r\u00e9ellement des droits de l\u2019Homme dans mon pays?\u00bb<\/p>\n<p>Censure d\u2019internet, fermeture de m\u00e9dias et des journaux en ligne le plus souvent sans aucune d\u00e9cision de justice avec comme principal chef d\u2019accusation avoir d\u00e9plu au pouvoir en place, \u00e9num\u00e8re-t-il, faisant \u00e9tat de m\u00e9dias publics, t\u00e9l\u00e9visions, radios compl\u00e8tement verrouill\u00e9s.<\/p>\n<p>A part les communiqu\u00e9s dithyrambiques louant la pertinence des actions du pouvoir en place et la vigilance de l\u2019arm\u00e9e populaire nationale, l\u2019auteur dit lancer un d\u00e9fi \u00e0 quiconque de trouver la moindre opinion contraire \u00e0 la feuille de route trac\u00e9e par le pouvoir.<\/p>\n<p>\u00abLe nettoyage est parfait, invit\u00e9s tri\u00e9s sur le volet, journalistes ronronnant et complaisant, une v\u00e9ritable glaciation a fig\u00e9 les r\u00e9dactions\u00bb, fait-il observer.<\/p>\n<p>Tout en relevant que la peur plane dor\u00e9navant sur les r\u00e9dactions, il estime que m\u00eame la presse priv\u00e9e, jadis espace de libert\u00e9, t\u00e9tanis\u00e9e par les menaces financi\u00e8res qui p\u00e8sent sur elle, a fini par s\u2019auto-censurer et rentrer dans les rangs.<\/p>\n<p>Selon lui, la menace d\u2019arr\u00eater par simple fait du prince, l\u2019octroi de la publicit\u00e9 \u00e9tatique \u00e0 un journal qui ne plait pas, v\u00e9ritable arme de dissuasion massive a eu raison des plus r\u00e9calcitrants.<\/p>\n<p>\u00abAvis aux amateurs, tel semblait \u00eatre le message du pouvoir. Et apparemment ce message a \u00e9t\u00e9 re\u00e7u cinq sur cinq par les int\u00e9ress\u00e9s, le paysage m\u00e9diatique s\u2019est compl\u00e8tement fig\u00e9\u00bb, fait-il remarquer, notant que cette gouvernance par la peur s\u2019est m\u00eame traduite clairement dans cette pseudo interview par tout un paragraphe de menaces m\u00eame pas voil\u00e9es, \u00e9gren\u00e9es par le ministre alg\u00e9rien de la communication et porte-parole du gouvernement.<\/p>\n<p>M. Nacer soutient que ce haut responsable reprend dans le d\u00e9tail une s\u00e9rie d\u2019articles du code p\u00e9nal avec les peines de prison, les amendes qui attendent tout citoyen qui voudrait user de son droit constitutionnel de manifester pacifiquement.<\/p>\n<p>\u00abHallucinant, du jamais vu !!!\u00bb, s\u2019indigne l\u2019auteur de l\u2019article, estimant que le message est clair au cas o\u00f9 des citoyens \u00e0 l\u2019approche de l\u2019anniversaire du d\u00e9clenchement du Hirak aurait l\u2019id\u00e9e saugrenue de vouloir manifester, ils sont avertis de ce qui les attend.<\/p>\n<p>\u00abComment peut-on nous faire croire encore alors que les mosqu\u00e9es, restaurants, caf\u00e9s etc, sont rouverts, que les manifestations publiques pacifiques garanties par la Constitution constituent encore un danger pour les citoyens ?, s\u2019interroge encore avec inqui\u00e9tude ce professeur de chirurgie p\u00e9diatrique.<\/p>\n<p>Il rel\u00e8ve, par ailleurs, \u00abun fait caricatural de l\u2019ineptie\u00bb du syst\u00e8me judiciaire alg\u00e9rien qu\u2019est cet \u00abincroyable proc\u00e8s\u00bb du jeune \u00e9tudiant Walid Nekiche.<\/p>\n<p>Il rappelle qu\u2019on est pass\u00e9 d\u2019un r\u00e9quisitoire d\u2019un procureur demandant la perp\u00e9tuit\u00e9 contre un jeune \u00e9tudiant \u00e0 sa lib\u00e9ration le lendemain car son dossier \u00e9tait finalement vide.<\/p>\n<p>Pour le chercheur, \u00abcette inconsistance et cette l\u00e9g\u00e8ret\u00e9 de la justice nous fait peur et devrait faire honte \u00e0 la justice\u00bb.<\/p>\n<p>Il souligne qu\u2019\u00e9videmment, cette affaire n\u2019int\u00e9resse ni \u00abnotre ministre ni son pseudo-intervieweur qui n\u2019en soufflent pas un mot s\u00fbrement trop occup\u00e9s \u00e0 menacer les hirakistes\u00bb, rappelant que ce jeune \u00e9tudiant a pass\u00e9 n\u00e9anmoins 14 mois de d\u00e9tention pr\u00e9ventive sans jugement.<\/p>\n<p>\u00abC\u2019est vrai que sous la pression m\u00e9diatique et des avocats le parquet a d\u00e9cid\u00e9 d\u2019ouvrir une enqu\u00eate pr\u00e9liminaire, mais nous n\u2019avons entendu ni le pr\u00e9sident de la r\u00e9publique, ni le premier ministre ni monsieur le ministre de la communication porte-parole du gouvernement, ni le ministre de la Justice s\u2019exprimer sur cette affaire d\u2019une extr\u00eame gravit\u00e9\u00bb, d\u00e9plore-t-il.<\/p>\n<p>Cette accusation de torture et de s\u00e9vices sexuels \u00e0 l\u2019encontre de ce jeune \u00e9tudiant est d\u2019une extr\u00eame gravit\u00e9 car elle interpelle le subconscient et la m\u00e9moire collective des Alg\u00e9riens marqu\u00e9s par les affres du colonialisme et de la d\u00e9cennie noire, note-t-il.<\/p>\n<p>M. Nacer indique avoir cit\u00e9 le cas de Walid Nekiche, mais des dizaines de citoyens, \u00e9tudiants, journalistes croupissent dans les prisons du pouvoir pour d\u00e9lits d\u2019opinions, le plus souvent sans jugement et dans des conditions abominables.<\/p>\n<p>\u00ab\u00c9videmment de tout cela pas un mot de la part de notre vaillant journaliste intervieweur ou du ministre interview\u00e9\u00bb, observe-t-il.<\/p>\n<p>Auteur: M&rsquo;hammed rahal<br \/>\n<a href=\"http:\/\/albayane.press.ma\/%EF%BB%BFles-algeriens-assistent-impuissants-a-une-fermeture-totale-de-linformation.html\">Cliquez ici pour lire l&rsquo;article depuis sa source.<\/a><\/p>\n","protected":false},"excerpt":{"rendered":"<p>A l\u2019approche de l\u2019anniversaire du d\u00e9clenchement du Hirak Les Alg\u00e9riens assistent, \u00abimpuissants\u00bb, \u00e0 une \u00abfermeture totale de l\u2019information et son contr\u00f4le quasi-total par le pouvoir\u00bb, a d\u00e9nonc\u00e9 le chercheur alg\u00e9rien, Djidjeli Nacer. \u00abApr\u00e8s quelques vell\u00e9it\u00e9s d\u2019un printemps m\u00e9diatique tr\u00e8s \u00e9ph\u00e9m\u00e8re, nous assistons impuissants \u00e0 une fermeture totale de l\u2019information et son contr\u00f4le quasi-totale par le [&hellip;]<\/p>\n","protected":false},"author":1760,"featured_media":0,"comment_status":"closed","ping_status":"closed","sticky":false,"template":"","format":"standard","meta":{"fifu_image_url":"","fifu_image_alt":"","footnotes":""},"categories":[73,54],"tags":[],"class_list":["post-111710","post","type-post","status-publish","format-standard","hentry","category-actualite","category-maroc"],"_links":{"self":[{"href":"https:\/\/linitiative.ca\/International\/wp-json\/wp\/v2\/posts\/111710","targetHints":{"allow":["GET"]}}],"collection":[{"href":"https:\/\/linitiative.ca\/International\/wp-json\/wp\/v2\/posts"}],"about":[{"href":"https:\/\/linitiative.ca\/International\/wp-json\/wp\/v2\/types\/post"}],"author":[{"embeddable":true,"href":"https:\/\/linitiative.ca\/International\/wp-json\/wp\/v2\/users\/1760"}],"replies":[{"embeddable":true,"href":"https:\/\/linitiative.ca\/International\/wp-json\/wp\/v2\/comments?post=111710"}],"version-history":[{"count":0,"href":"https:\/\/linitiative.ca\/International\/wp-json\/wp\/v2\/posts\/111710\/revisions"}],"wp:attachment":[{"href":"https:\/\/linitiative.ca\/International\/wp-json\/wp\/v2\/media?parent=111710"}],"wp:term":[{"taxonomy":"category","embeddable":true,"href":"https:\/\/linitiative.ca\/International\/wp-json\/wp\/v2\/categories?post=111710"},{"taxonomy":"post_tag","embeddable":true,"href":"https:\/\/linitiative.ca\/International\/wp-json\/wp\/v2\/tags?post=111710"}],"curies":[{"name":"wp","href":"https:\/\/api.w.org\/{rel}","templated":true}]}}