{"id":111711,"date":"2021-02-21T05:30:00","date_gmt":"2021-02-21T10:30:00","guid":{"rendered":"https:\/\/linitiative.ca\/International\/la-cour-dalger-confirme-les-jugements-en-premiere-instance\/"},"modified":"2021-02-21T05:30:00","modified_gmt":"2021-02-21T10:30:00","slug":"la-cour-dalger-confirme-les-jugements-en-premiere-instance","status":"publish","type":"post","link":"https:\/\/linitiative.ca\/International\/la-cour-dalger-confirme-les-jugements-en-premiere-instance\/","title":{"rendered":"La Cour d&rsquo;Alger confirme les jugements en premi\u00e8re instance"},"content":{"rendered":"<div id=\"originalText\" readability=\"60\">\n<p class=\"c6\">La Cour d&rsquo;Alger a confirm\u00e9 dimanche les jugements rendus en premi\u00e8re instance contre les mis en cause impliqu\u00e9s dans l&rsquo;affaire de \u00ab\u00a0GB pharma\u00a0\u00bb et le financement occulte de la campagne \u00e9lectorale de la pr\u00e9sidentielle annul\u00e9e d&rsquo;avril 2019, dans laquelle sont poursuivis les deux anciens Premiers ministres, Ahmed Ouyahia et Abdelmalek Sellal, en sus de l&rsquo;ancien ministre Abdelghani Zaalane.<\/p>\n<p class=\"c6\">Fin novembre dernier, le tribunal de Sidi M&rsquo;hamed (Alger) avait prononc\u00e9, dans la m\u00eame affaire, une peine de 5 ans de prison ferme \u00e0 l&rsquo;encontre de Ouyahia et Sellal, et acquitt\u00e9 l&rsquo;ancien ministre des Transports et des Travaux publics, et directeur de campagne de l&rsquo;ex-Pr\u00e9sident, Abdelghani Za\u00e2lane.<\/p>\n<p class=\"c6\">Ouyahia et Sellal sont accus\u00e9s d&rsquo;octroi de privil\u00e8ges injustifi\u00e9s au Groupe Condor et \u00e0 ses filiales, dont des facilitations pour la r\u00e9alisation d&rsquo;une usine de fabrication de m\u00e9dicaments \u00a0\u00bbGB Pharma\u00a0\u00bb outre l&rsquo;abus de pourvoir dans la conclusion de march\u00e9s avec l&rsquo;op\u00e9rateur public de t\u00e9l\u00e9phonie mobile \u00ab\u00a0Mobilis\u00a0\u00bb.<\/p>\n<p class=\"c6\">Les fr\u00e8res Benhamadi sont \u00e9galement poursuivis pour participation au financement de la campagne \u00e9lectorale de l&rsquo;ex-Pr\u00e9sident Abdelaziz Bouteflika, \u00e0 travers un compte bancaire ouvert sp\u00e9cialement pour recueillir les apports financiers de parties sans aucun lien avec l&rsquo;\u00e9lection.<\/p>\n<p class=\"c6\">\u00a0<\/p>\n<p class=\"c7\"><strong>APS<\/strong><\/p>\n<\/div>\n<div id=\"text_core\" readability=\"60\">\n<p class=\"c6\">La Cour d&rsquo;Alger a confirm\u00e9 dimanche les jugements rendus en premi\u00e8re instance contre les mis en cause impliqu\u00e9s dans l&rsquo;affaire de \u00ab\u00a0GB pharma\u00a0\u00bb et le financement occulte de la campagne \u00e9lectorale de la pr\u00e9sidentielle annul\u00e9e d&rsquo;avril 2019, dans laquelle sont poursuivis les deux anciens Premiers ministres, Ahmed Ouyahia et Abdelmalek Sellal, en sus de l&rsquo;ancien ministre Abdelghani Zaalane.<\/p>\n<p class=\"c6\">Fin novembre dernier, le tribunal de Sidi M&rsquo;hamed (Alger) avait prononc\u00e9, dans la m\u00eame affaire, une peine de 5 ans de prison ferme \u00e0 l&rsquo;encontre de Ouyahia et Sellal, et acquitt\u00e9 l&rsquo;ancien ministre des Transports et des Travaux publics, et directeur de campagne de l&rsquo;ex-Pr\u00e9sident, Abdelghani Za\u00e2lane.<\/p>\n<p class=\"c6\">Ouyahia et Sellal sont accus\u00e9s d&rsquo;octroi de privil\u00e8ges injustifi\u00e9s au Groupe Condor et \u00e0 ses filiales, dont des facilitations pour la r\u00e9alisation d&rsquo;une usine de fabrication de m\u00e9dicaments \u00a0\u00bbGB Pharma\u00a0\u00bb outre l&rsquo;abus de pourvoir dans la conclusion de march\u00e9s avec l&rsquo;op\u00e9rateur public de t\u00e9l\u00e9phonie mobile \u00ab\u00a0Mobilis\u00a0\u00bb.<\/p>\n<p class=\"c6\">Les fr\u00e8res Benhamadi sont \u00e9galement poursuivis pour participation au financement de la campagne \u00e9lectorale de l&rsquo;ex-Pr\u00e9sident Abdelaziz Bouteflika, \u00e0 travers un compte bancaire ouvert sp\u00e9cialement pour recueillir les apports financiers de parties sans aucun lien avec l&rsquo;\u00e9lection.<\/p>\n<p class=\"c6\">\u00a0<\/p>\n<p class=\"c7\"><strong>APS<\/strong><\/p>\n<\/div>\n<p>Auteur:<br \/>\n<a href=\"https:\/\/www.liberte-algerie.com\/actualite\/la-cour-dalger-confirme-les-jugements-en-premiere-instance-354425\">Cliquez ici pour lire l&rsquo;article depuis sa source.<\/a><\/p>\n","protected":false},"excerpt":{"rendered":"<p>La Cour d&rsquo;Alger a confirm\u00e9 dimanche les jugements rendus en premi\u00e8re instance contre les mis en cause impliqu\u00e9s dans l&rsquo;affaire de \u00ab\u00a0GB pharma\u00a0\u00bb et le financement occulte de la campagne \u00e9lectorale de la pr\u00e9sidentielle annul\u00e9e d&rsquo;avril 2019, dans laquelle sont poursuivis les deux anciens Premiers ministres, Ahmed Ouyahia et Abdelmalek Sellal, en sus de l&rsquo;ancien [&hellip;]<\/p>\n","protected":false},"author":1742,"featured_media":0,"comment_status":"closed","ping_status":"closed","sticky":false,"template":"","format":"standard","meta":{"fifu_image_url":"","fifu_image_alt":"","footnotes":""},"categories":[73,53],"tags":[],"class_list":["post-111711","post","type-post","status-publish","format-standard","hentry","category-actualite","category-algerie"],"_links":{"self":[{"href":"https:\/\/linitiative.ca\/International\/wp-json\/wp\/v2\/posts\/111711","targetHints":{"allow":["GET"]}}],"collection":[{"href":"https:\/\/linitiative.ca\/International\/wp-json\/wp\/v2\/posts"}],"about":[{"href":"https:\/\/linitiative.ca\/International\/wp-json\/wp\/v2\/types\/post"}],"author":[{"embeddable":true,"href":"https:\/\/linitiative.ca\/International\/wp-json\/wp\/v2\/users\/1742"}],"replies":[{"embeddable":true,"href":"https:\/\/linitiative.ca\/International\/wp-json\/wp\/v2\/comments?post=111711"}],"version-history":[{"count":0,"href":"https:\/\/linitiative.ca\/International\/wp-json\/wp\/v2\/posts\/111711\/revisions"}],"wp:attachment":[{"href":"https:\/\/linitiative.ca\/International\/wp-json\/wp\/v2\/media?parent=111711"}],"wp:term":[{"taxonomy":"category","embeddable":true,"href":"https:\/\/linitiative.ca\/International\/wp-json\/wp\/v2\/categories?post=111711"},{"taxonomy":"post_tag","embeddable":true,"href":"https:\/\/linitiative.ca\/International\/wp-json\/wp\/v2\/tags?post=111711"}],"curies":[{"name":"wp","href":"https:\/\/api.w.org\/{rel}","templated":true}]}}