{"id":111713,"date":"2021-02-21T10:00:00","date_gmt":"2021-02-21T15:00:00","guid":{"rendered":"https:\/\/linitiative.ca\/International\/ali-ghediri-reste-en-prison-et-sera-juge-en-criminelle\/"},"modified":"2021-02-21T10:00:00","modified_gmt":"2021-02-21T15:00:00","slug":"ali-ghediri-reste-en-prison-et-sera-juge-en-criminelle","status":"publish","type":"post","link":"https:\/\/linitiative.ca\/International\/ali-ghediri-reste-en-prison-et-sera-juge-en-criminelle\/","title":{"rendered":"Ali Ghediri reste en prison et sera jug\u00e9 en \u00ab criminelle \u00bb"},"content":{"rendered":"<div id=\"originalText\" readability=\"56\">\n<p class=\"c6\">La chambre d\u2019accusation de la Cour d\u2019Alger, qui a r\u00e9examin\u00e9, ce dimanche, l\u2019affaire Ali Ghediri, a rejet\u00e9 la demande de libert\u00e9 provisoire du g\u00e9n\u00e9ral-major \u00e0 la retraite, en d\u00e9tention depuis juin 2019, et a maintenu l\u2019accusation d\u2019\u00abatteinte au moral des troupes\u00a0\u00bb, en attendant la programmation de son proc\u00e8s en \u00abcriminelle\u00a0\u00bb.<\/p>\n<p class=\"c6\">La Cour supr\u00eame qui avait accept\u00e9, le 16 d\u00e9cembre dernier, le pourvoi en cassation introduit par la d\u00e9fense de Ali Ghediri contre l&rsquo;arr\u00eat de renvoi de la chambre d&rsquo;accusation de la cour d&rsquo;Alger, avait rejet\u00e9 les d\u00e9cisions et les qualifications des faits\u00a0 li\u00e9s \u00e0 l\u2019accusation d\u2019\u00a0\u00abatteinte au moral des troupes\u00a0\u00bb.<\/p>\n<p class=\"c6\">L\u2019ancien candidat \u00e0 la pr\u00e9sidentielle d\u2019avril 2019 devait ainsi \u00eatre poursuivi en correctionnelle, mais \u00ab\u00a0la chambre d\u2019accusation de la Cour d\u2019Alger en a d\u00e9cid\u00e9 autrement\u00a0\u00bb, s\u2019\u00e9tonnent ses avocats.\u00a0<\/p>\n<p class=\"c7\">\u00a0<\/p>\n<p class=\"c7\"><strong>R\u00e9daction WEB<\/strong><\/p>\n<\/div>\n<div id=\"text_core\" readability=\"56\">\n<p class=\"c6\">La chambre d\u2019accusation de la Cour d\u2019Alger, qui a r\u00e9examin\u00e9, ce dimanche, l\u2019affaire Ali Ghediri, a rejet\u00e9 la demande de libert\u00e9 provisoire du g\u00e9n\u00e9ral-major \u00e0 la retraite, en d\u00e9tention depuis juin 2019, et a maintenu l\u2019accusation d\u2019\u00abatteinte au moral des troupes\u00a0\u00bb, en attendant la programmation de son proc\u00e8s en \u00abcriminelle\u00a0\u00bb.<\/p>\n<p class=\"c6\">La Cour supr\u00eame qui avait accept\u00e9, le 16 d\u00e9cembre dernier, le pourvoi en cassation introduit par la d\u00e9fense de Ali Ghediri contre l&rsquo;arr\u00eat de renvoi de la chambre d&rsquo;accusation de la cour d&rsquo;Alger, avait rejet\u00e9 les d\u00e9cisions et les qualifications des faits\u00a0 li\u00e9s \u00e0 l\u2019accusation d\u2019\u00a0\u00abatteinte au moral des troupes\u00a0\u00bb.<\/p>\n<p class=\"c6\">L\u2019ancien candidat \u00e0 la pr\u00e9sidentielle d\u2019avril 2019 devait ainsi \u00eatre poursuivi en correctionnelle, mais \u00ab\u00a0la chambre d\u2019accusation de la Cour d\u2019Alger en a d\u00e9cid\u00e9 autrement\u00a0\u00bb, s\u2019\u00e9tonnent ses avocats.\u00a0<\/p>\n<p class=\"c7\">\u00a0<\/p>\n<p class=\"c7\"><strong>R\u00e9daction WEB<\/strong><\/p>\n<\/div>\n<p>Auteur:<br \/>\n<a href=\"https:\/\/www.liberte-algerie.com\/actualite\/ali-ghediri-reste-en-prison-et-sera-juge-en-criminelle-354427\">Cliquez ici pour lire l&rsquo;article depuis sa source.<\/a><\/p>\n","protected":false},"excerpt":{"rendered":"<p>La chambre d\u2019accusation de la Cour d\u2019Alger, qui a r\u00e9examin\u00e9, ce dimanche, l\u2019affaire Ali Ghediri, a rejet\u00e9 la demande de libert\u00e9 provisoire du g\u00e9n\u00e9ral-major \u00e0 la retraite, en d\u00e9tention depuis juin 2019, et a maintenu l\u2019accusation d\u2019\u00abatteinte au moral des troupes\u00a0\u00bb, en attendant la programmation de son proc\u00e8s en \u00abcriminelle\u00a0\u00bb. La Cour supr\u00eame qui avait [&hellip;]<\/p>\n","protected":false},"author":1742,"featured_media":0,"comment_status":"closed","ping_status":"closed","sticky":false,"template":"","format":"standard","meta":{"fifu_image_url":"","fifu_image_alt":"","footnotes":""},"categories":[73,53],"tags":[],"class_list":["post-111713","post","type-post","status-publish","format-standard","hentry","category-actualite","category-algerie"],"_links":{"self":[{"href":"https:\/\/linitiative.ca\/International\/wp-json\/wp\/v2\/posts\/111713","targetHints":{"allow":["GET"]}}],"collection":[{"href":"https:\/\/linitiative.ca\/International\/wp-json\/wp\/v2\/posts"}],"about":[{"href":"https:\/\/linitiative.ca\/International\/wp-json\/wp\/v2\/types\/post"}],"author":[{"embeddable":true,"href":"https:\/\/linitiative.ca\/International\/wp-json\/wp\/v2\/users\/1742"}],"replies":[{"embeddable":true,"href":"https:\/\/linitiative.ca\/International\/wp-json\/wp\/v2\/comments?post=111713"}],"version-history":[{"count":0,"href":"https:\/\/linitiative.ca\/International\/wp-json\/wp\/v2\/posts\/111713\/revisions"}],"wp:attachment":[{"href":"https:\/\/linitiative.ca\/International\/wp-json\/wp\/v2\/media?parent=111713"}],"wp:term":[{"taxonomy":"category","embeddable":true,"href":"https:\/\/linitiative.ca\/International\/wp-json\/wp\/v2\/categories?post=111713"},{"taxonomy":"post_tag","embeddable":true,"href":"https:\/\/linitiative.ca\/International\/wp-json\/wp\/v2\/tags?post=111713"}],"curies":[{"name":"wp","href":"https:\/\/api.w.org\/{rel}","templated":true}]}}