{"id":111717,"date":"2021-02-21T09:52:13","date_gmt":"2021-02-21T14:52:13","guid":{"rendered":"https:\/\/linitiative.ca\/International\/aeroport-baisse-de-plus-de-86-du-trafic-aerien-en-janvier-dernier\/"},"modified":"2021-02-21T09:52:13","modified_gmt":"2021-02-21T14:52:13","slug":"aeroport-baisse-de-plus-de-86-du-trafic-aerien-en-janvier-dernier","status":"publish","type":"post","link":"https:\/\/linitiative.ca\/International\/aeroport-baisse-de-plus-de-86-du-trafic-aerien-en-janvier-dernier\/","title":{"rendered":"A\u00e9roport: Baisse de plus de 86 % du trafic a\u00e9rien en janvier dernier"},"content":{"rendered":"<div class=\"single-featured\"><img alt=\"\" data-src=\"http:\/\/www.mapmarrakech.ma\/map\/uploads\/2021\/02\/a\u00e9roport-Marrakech-4-copier.jpg\"\/><\/div>\n<div class=\"single-post-excerpt post-excerpt-bc\" readability=\"37\">\n<p>Marrakech \u2013 Le nombre de passagers ayant transit\u00e9 via l\u2019a\u00e9roport international Marrakech-Menara, a enregistr\u00e9 durant le mois de janvier dernier, une baisse de 86,61% par rapport \u00e0 la m\u00eame p\u00e9riode de l\u2019ann\u00e9e 2020.<\/p>\n<\/div>\n<div class=\"entry-content clearfix single-post-content\" readability=\"62\">\n<p>Ainsi, cette infrastructure a\u00e9roportuaire a accueilli durant la m\u00eame p\u00e9riode, quelque 68.346 passagers contre 510.414 voyageurs durant le mois de janvier 2020, selon les derni\u00e8res statistiques communiqu\u00e9es par l\u2019Office National des A\u00e9roports (ONDA).<\/p>\n<p>Et la m\u00eame source de poursuivre que cet a\u00e9roport a occup\u00e9 en janvier dernier, la 2\u00e8 place au niveau national en termes de trafic mouvements d\u2019avions, avec\u00a0 21,83 % derri\u00e8re l\u2019a\u00e9roport international Mohammed V (43,94%) et devant l\u2019a\u00e9roport international Agadir Al Massira (7,82%).<\/p>\n<p>Au niveau des Top 5 des routes a\u00e9riennes internationales en janvier dernier, Marrakech\/Paris-Orly a occup\u00e9 la 2\u00e8 place avec une part de 4,12% et 21.170 voyageurs, derri\u00e8re Mohammed V\/Paris-Orly (5,96% et 30.624 passagers) et devant Mohammed V\/Paris-CDG (3% et 15.449 passagers), pr\u00e9cise-t-on de m\u00eame source.<\/p>\n<p>Les a\u00e9roports du Royaume ont accueilli quelque 638.806 passagers en janvier 2021, en baisse de 68,39% par rapport \u00e0 la m\u00eame p\u00e9riode de l\u2019ann\u00e9e pr\u00e9c\u00e9dente, conclut l\u2019ONDA.<\/p>\n<\/div>\n<p>Auteur: Meriem IGASS<br \/>\n<a href=\"http:\/\/www.mapmarrakech.ma\/fr\/aeroport-baisse-de-plus-de-86-du-trafic-aerien-en-janvier-dernier\/\">Cliquez ici pour lire l&rsquo;article depuis sa source.<\/a><\/p>\n","protected":false},"excerpt":{"rendered":"<p>Marrakech \u2013 Le nombre de passagers ayant transit\u00e9 via l\u2019a\u00e9roport international Marrakech-Menara, a enregistr\u00e9 durant le mois de janvier dernier, une baisse de 86,61% par rapport \u00e0 la m\u00eame p\u00e9riode de l\u2019ann\u00e9e 2020. Ainsi, cette infrastructure a\u00e9roportuaire a accueilli durant la m\u00eame p\u00e9riode, quelque 68.346 passagers contre 510.414 voyageurs durant le mois de janvier 2020, [&hellip;]<\/p>\n","protected":false},"author":1788,"featured_media":0,"comment_status":"closed","ping_status":"closed","sticky":false,"template":"","format":"standard","meta":{"fifu_image_url":"http:\/\/www.mapmarrakech.ma\/map\/uploads\/2021\/02\/a\u00e9roport-Marrakech-4-copier.jpg","fifu_image_alt":"A\u00e9roport: Baisse de plus de 86 % du trafic a\u00e9rien en janvier dernier","footnotes":""},"categories":[54,76],"tags":[],"class_list":["post-111717","post","type-post","status-publish","format-standard","hentry","category-maroc","category-regions"],"_links":{"self":[{"href":"https:\/\/linitiative.ca\/International\/wp-json\/wp\/v2\/posts\/111717","targetHints":{"allow":["GET"]}}],"collection":[{"href":"https:\/\/linitiative.ca\/International\/wp-json\/wp\/v2\/posts"}],"about":[{"href":"https:\/\/linitiative.ca\/International\/wp-json\/wp\/v2\/types\/post"}],"author":[{"embeddable":true,"href":"https:\/\/linitiative.ca\/International\/wp-json\/wp\/v2\/users\/1788"}],"replies":[{"embeddable":true,"href":"https:\/\/linitiative.ca\/International\/wp-json\/wp\/v2\/comments?post=111717"}],"version-history":[{"count":0,"href":"https:\/\/linitiative.ca\/International\/wp-json\/wp\/v2\/posts\/111717\/revisions"}],"wp:attachment":[{"href":"https:\/\/linitiative.ca\/International\/wp-json\/wp\/v2\/media?parent=111717"}],"wp:term":[{"taxonomy":"category","embeddable":true,"href":"https:\/\/linitiative.ca\/International\/wp-json\/wp\/v2\/categories?post=111717"},{"taxonomy":"post_tag","embeddable":true,"href":"https:\/\/linitiative.ca\/International\/wp-json\/wp\/v2\/tags?post=111717"}],"curies":[{"name":"wp","href":"https:\/\/api.w.org\/{rel}","templated":true}]}}