{"id":111719,"date":"2021-02-20T17:36:58","date_gmt":"2021-02-20T22:36:58","guid":{"rendered":"https:\/\/linitiative.ca\/International\/las-far-simpose-sur-la-pelouse-du-mouloudia-doujda-2-1\/"},"modified":"2021-02-20T17:36:58","modified_gmt":"2021-02-20T22:36:58","slug":"las-far-simpose-sur-la-pelouse-du-mouloudia-doujda-2-1","status":"publish","type":"post","link":"https:\/\/linitiative.ca\/International\/las-far-simpose-sur-la-pelouse-du-mouloudia-doujda-2-1\/","title":{"rendered":"L\u2019AS FAR s\u2019impose sur la pelouse du Mouloudia d\u2019Oujda (2-1)"},"content":{"rendered":"<div class=\"single-featured\"><img alt=\"\" data-src=\"http:\/\/www.mapoujda.ma\/map\/uploads\/2021\/02\/MCO-vs-FAR-750\u00d7430-DR.jpg\"\/><\/div>\n<div class=\"entry-content clearfix single-post-content\" readability=\"55\">\n<p class=\"c4\">L\u2019AS FAR s\u2019est impos\u00e9e sur la pelouse du Mouloudia d\u2019Oujda (2-1), samedi en match comptant pour la 7\u00e8 journ\u00e9e de Botola Pro D1 \u00ab\u00a0Inwi\u00a0\u00bb.<\/p>\n<p class=\"c4\">Un but sign\u00e9 Jalal Daoudi \u00e0 la 23\u00e8 minute a permis au club de la capitale de prendre l\u2019avantage avant que l\u2019Ivoirien Lamine Diakite ne remette les pendules \u00e0 l\u2019heure cinq minutes plus tard (27\u00e8).<\/p>\n<p class=\"c4\">Dix minutes avant la fin de cette rencontre tr\u00e8s disput\u00e9e entre les deux clubs, Daoudi a r\u00e9cidiv\u00e9 en inscrivant sur penalty (79\u00e8) le but salvateur des Militaires qui d\u00e9crochent une pr\u00e9cieuse victoire \u00e0 Oujda.<\/p>\n<p class=\"c4\">Gr\u00e2ce \u00e0 cette victoire, l\u2019AS FAR grimpe \u00e0 la septi\u00e8me position avec un total de 9 points ex aequo avec le Maghreb de F\u00e8s, tandis que le club d\u2019Oujda demeure lanterne rouge de la Botola avec 4 unit\u00e9s.<\/p>\n<p class=\"c4\">Plus t\u00f4t dans la journ\u00e9e, le Moghreb de T\u00e9touan s\u2019est inclin\u00e9 \u00e0 domicile face \u00e0 l\u2019Olympic Safi (1-3), alors que le Youssoufia de Berrechid s\u2019est impos\u00e9 en d\u00e9placement face au FUS de Rabat.<\/p>\n<\/div>\n<p>Auteur: Soufiane ELAHMAR<br \/>\n<a href=\"http:\/\/www.mapoujda.ma\/fr\/las-far-simpose-sur-la-pelouse-du-mouloudia-doujda-2-1\/\">Cliquez ici pour lire l&rsquo;article depuis sa source.<\/a><\/p>\n","protected":false},"excerpt":{"rendered":"<p>L\u2019AS FAR s\u2019est impos\u00e9e sur la pelouse du Mouloudia d\u2019Oujda (2-1), samedi en match comptant pour la 7\u00e8 journ\u00e9e de Botola Pro D1 \u00ab\u00a0Inwi\u00a0\u00bb. Un but sign\u00e9 Jalal Daoudi \u00e0 la 23\u00e8 minute a permis au club de la capitale de prendre l\u2019avantage avant que l\u2019Ivoirien Lamine Diakite ne remette les pendules \u00e0 l\u2019heure cinq [&hellip;]<\/p>\n","protected":false},"author":1788,"featured_media":0,"comment_status":"closed","ping_status":"closed","sticky":false,"template":"","format":"standard","meta":{"fifu_image_url":"http:\/\/www.mapoujda.ma\/map\/uploads\/2021\/02\/MCO-vs-FAR-750\u00d7430-DR.jpg","fifu_image_alt":"L\u2019AS FAR s\u2019impose sur la pelouse du Mouloudia d\u2019Oujda (2-1)","footnotes":""},"categories":[54,76],"tags":[],"class_list":["post-111719","post","type-post","status-publish","format-standard","hentry","category-maroc","category-regions"],"_links":{"self":[{"href":"https:\/\/linitiative.ca\/International\/wp-json\/wp\/v2\/posts\/111719","targetHints":{"allow":["GET"]}}],"collection":[{"href":"https:\/\/linitiative.ca\/International\/wp-json\/wp\/v2\/posts"}],"about":[{"href":"https:\/\/linitiative.ca\/International\/wp-json\/wp\/v2\/types\/post"}],"author":[{"embeddable":true,"href":"https:\/\/linitiative.ca\/International\/wp-json\/wp\/v2\/users\/1788"}],"replies":[{"embeddable":true,"href":"https:\/\/linitiative.ca\/International\/wp-json\/wp\/v2\/comments?post=111719"}],"version-history":[{"count":0,"href":"https:\/\/linitiative.ca\/International\/wp-json\/wp\/v2\/posts\/111719\/revisions"}],"wp:attachment":[{"href":"https:\/\/linitiative.ca\/International\/wp-json\/wp\/v2\/media?parent=111719"}],"wp:term":[{"taxonomy":"category","embeddable":true,"href":"https:\/\/linitiative.ca\/International\/wp-json\/wp\/v2\/categories?post=111719"},{"taxonomy":"post_tag","embeddable":true,"href":"https:\/\/linitiative.ca\/International\/wp-json\/wp\/v2\/tags?post=111719"}],"curies":[{"name":"wp","href":"https:\/\/api.w.org\/{rel}","templated":true}]}}