{"id":111722,"date":"2021-02-21T04:42:52","date_gmt":"2021-02-21T09:42:52","guid":{"rendered":"https:\/\/linitiative.ca\/International\/safi-134-millions-de-dh-pour-restaurer-le-joyau-ksar-bhar\/"},"modified":"2021-02-21T04:42:52","modified_gmt":"2021-02-21T09:42:52","slug":"safi-134-millions-de-dh-pour-restaurer-le-joyau-ksar-bhar","status":"publish","type":"post","link":"https:\/\/linitiative.ca\/International\/safi-134-millions-de-dh-pour-restaurer-le-joyau-ksar-bhar\/","title":{"rendered":"Safi: 134 millions de DH pour restaurer le joyau \u00ab\u00a0Ksar Bhar\u00a0\u00bb"},"content":{"rendered":"<p class=\"rtejustify\">Le Conseil communal de Safi\u00a0a approuv\u00e9, lors de sa session du mois de f\u00e9vrier, la convention relative \u00e0 la fortification de la fa\u00e7ade maritime du \u00ab\u00a0Ksar Bhar\u00a0\u00bb, sa r\u00e9habilitation, sa mise \u00e0 niveau et sa transformation en un centre du patrimoine maritime national.<\/p>\n<p class=\"rtejustify\">Ce projet b\u00e9n\u00e9ficiera d\u2019un budget de 134 millions de DH, dont 104 millions qui financeront les \u00e9tudes et les travaux de fortification de la fa\u00e7ade maritime du Jorf Amouni et 3 millions de MDH pour les \u00e9tudes et les travaux de restauration et de mise \u00e0 niveau du Ksar Bhar. Il vise \u00e0 valoriser l\u2019un des joyaux architecturaux de la ville aujourd\u2019hui menac\u00e9 d\u2019effondrement. Le financement de ce projet sera assur\u00e9 par divers partenaires. Le minist\u00e8re de l\u2019Int\u00e9rieur assurera ainsi une contribution de 30 millions DH, contre un budget de 80 millions provenant du minist\u00e8re de l\u2019\u00e9quipement. Le d\u00e9partement de la Culture (10 millions de DH), le conseil de la r\u00e9gion (10 millions de DH) et la commune urbaine de Safi (4 millions de DH) participeront aussi au financement.<\/p>\n<p class=\"rtejustify\">Selon l&rsquo;accord, le minist\u00e8re de l\u2019Equipement sera charg\u00e9 de mener les \u00e9tudes et les travaux de fortification et la protection de la fa\u00e7ade maritime de Ksar Bhar, alors que le d\u00e9partement Culture) sera charg\u00e9 des \u00e9tudes et des travaux de restauration de ce site historique et sa transformation en un Centre de patrimoine maritime national.<\/p>\n<p>Auteur: hgueye<br \/>\n<a href=\"https:\/\/www.leconomiste.com\/flash-infos\/safi-134-millions-de-dh-pour-restaurer-le-joyau-ksar-bhar\">Cliquez ici pour lire l&rsquo;article depuis sa source.<\/a><\/p>\n","protected":false},"excerpt":{"rendered":"<p>Le Conseil communal de Safi\u00a0a approuv\u00e9, lors de sa session du mois de f\u00e9vrier, la convention relative \u00e0 la fortification de la fa\u00e7ade maritime du \u00ab\u00a0Ksar Bhar\u00a0\u00bb, sa r\u00e9habilitation, sa mise \u00e0 niveau et sa transformation en un centre du patrimoine maritime national. Ce projet b\u00e9n\u00e9ficiera d\u2019un budget de 134 millions de DH, dont 104 [&hellip;]<\/p>\n","protected":false},"author":1763,"featured_media":0,"comment_status":"closed","ping_status":"closed","sticky":false,"template":"","format":"standard","meta":{"fifu_image_url":"","fifu_image_alt":"","footnotes":""},"categories":[78,54],"tags":[],"class_list":["post-111722","post","type-post","status-publish","format-standard","hentry","category-economie","category-maroc"],"_links":{"self":[{"href":"https:\/\/linitiative.ca\/International\/wp-json\/wp\/v2\/posts\/111722","targetHints":{"allow":["GET"]}}],"collection":[{"href":"https:\/\/linitiative.ca\/International\/wp-json\/wp\/v2\/posts"}],"about":[{"href":"https:\/\/linitiative.ca\/International\/wp-json\/wp\/v2\/types\/post"}],"author":[{"embeddable":true,"href":"https:\/\/linitiative.ca\/International\/wp-json\/wp\/v2\/users\/1763"}],"replies":[{"embeddable":true,"href":"https:\/\/linitiative.ca\/International\/wp-json\/wp\/v2\/comments?post=111722"}],"version-history":[{"count":0,"href":"https:\/\/linitiative.ca\/International\/wp-json\/wp\/v2\/posts\/111722\/revisions"}],"wp:attachment":[{"href":"https:\/\/linitiative.ca\/International\/wp-json\/wp\/v2\/media?parent=111722"}],"wp:term":[{"taxonomy":"category","embeddable":true,"href":"https:\/\/linitiative.ca\/International\/wp-json\/wp\/v2\/categories?post=111722"},{"taxonomy":"post_tag","embeddable":true,"href":"https:\/\/linitiative.ca\/International\/wp-json\/wp\/v2\/tags?post=111722"}],"curies":[{"name":"wp","href":"https:\/\/api.w.org\/{rel}","templated":true}]}}