{"id":111724,"date":"2021-02-21T07:43:58","date_gmt":"2021-02-21T12:43:58","guid":{"rendered":"https:\/\/linitiative.ca\/International\/forbes-france-un-marocain-dans-les-30-under-30\/"},"modified":"2021-02-21T07:43:58","modified_gmt":"2021-02-21T12:43:58","slug":"forbes-france-un-marocain-dans-les-30-under-30","status":"publish","type":"post","link":"https:\/\/linitiative.ca\/International\/forbes-france-un-marocain-dans-les-30-under-30\/","title":{"rendered":"Forbes France: Un Marocain dans les \u00ab\u00a030 Under 30\u00a0\u00bb"},"content":{"rendered":"<p class=\"rtejustify\">Le jeune Marocain Jaafar Elalamy figure parmi les 30 personnalit\u00e9s de moins de 30 ans qui ont impact\u00e9 l&rsquo;ann\u00e9e 2020 en entrepreneuriat\/innovation, selon le classement de Forbes France.<\/p>\n<p class=\"rtejustify\">N\u00e9 \u00e0 Marrakech, Elalamy (27 ans) a cr\u00e9\u00e9 trois entreprises apr\u00e8s une \u00e9cole d&rsquo;ing\u00e9nieur et une \u00e9cole de commerce (HEC Paris). Ce jeune entrepreneur est actuellement directeur scientifique et technique associ\u00e9 \u00e0 Adriver CORP, une entreprise sp\u00e9cialis\u00e9e notamment dans la mesure d&rsquo;audience pour la publicit\u00e9 offline OOH (out of home). Cr\u00e9\u00e9e en 2019, la startup r\u00e9alise 2 millions d\u2019euros de chiffre d\u2019affaires.<\/p>\n<p class=\"rtejustify\">E.M.G.<\/p>\n<p>Auteur: hgueye<br \/>\n<a href=\"https:\/\/www.leconomiste.com\/flash-infos\/forbes-france-un-marocain-dans-les-30-under-30\">Cliquez ici pour lire l&rsquo;article depuis sa source.<\/a><\/p>\n","protected":false},"excerpt":{"rendered":"<p>Le jeune Marocain Jaafar Elalamy figure parmi les 30 personnalit\u00e9s de moins de 30 ans qui ont impact\u00e9 l&rsquo;ann\u00e9e 2020 en entrepreneuriat\/innovation, selon le classement de Forbes France. N\u00e9 \u00e0 Marrakech, Elalamy (27 ans) a cr\u00e9\u00e9 trois entreprises apr\u00e8s une \u00e9cole d&rsquo;ing\u00e9nieur et une \u00e9cole de commerce (HEC Paris). Ce jeune entrepreneur est actuellement directeur [&hellip;]<\/p>\n","protected":false},"author":1763,"featured_media":0,"comment_status":"closed","ping_status":"closed","sticky":false,"template":"","format":"standard","meta":{"fifu_image_url":"","fifu_image_alt":"","footnotes":""},"categories":[78,54],"tags":[],"class_list":["post-111724","post","type-post","status-publish","format-standard","hentry","category-economie","category-maroc"],"_links":{"self":[{"href":"https:\/\/linitiative.ca\/International\/wp-json\/wp\/v2\/posts\/111724","targetHints":{"allow":["GET"]}}],"collection":[{"href":"https:\/\/linitiative.ca\/International\/wp-json\/wp\/v2\/posts"}],"about":[{"href":"https:\/\/linitiative.ca\/International\/wp-json\/wp\/v2\/types\/post"}],"author":[{"embeddable":true,"href":"https:\/\/linitiative.ca\/International\/wp-json\/wp\/v2\/users\/1763"}],"replies":[{"embeddable":true,"href":"https:\/\/linitiative.ca\/International\/wp-json\/wp\/v2\/comments?post=111724"}],"version-history":[{"count":0,"href":"https:\/\/linitiative.ca\/International\/wp-json\/wp\/v2\/posts\/111724\/revisions"}],"wp:attachment":[{"href":"https:\/\/linitiative.ca\/International\/wp-json\/wp\/v2\/media?parent=111724"}],"wp:term":[{"taxonomy":"category","embeddable":true,"href":"https:\/\/linitiative.ca\/International\/wp-json\/wp\/v2\/categories?post=111724"},{"taxonomy":"post_tag","embeddable":true,"href":"https:\/\/linitiative.ca\/International\/wp-json\/wp\/v2\/tags?post=111724"}],"curies":[{"name":"wp","href":"https:\/\/api.w.org\/{rel}","templated":true}]}}