{"id":111725,"date":"2021-02-21T09:26:57","date_gmt":"2021-02-21T14:26:57","guid":{"rendered":"https:\/\/linitiative.ca\/International\/fes-les-taximen-imposent-leurs-nouveaux-tarifs\/"},"modified":"2021-02-21T09:26:57","modified_gmt":"2021-02-21T14:26:57","slug":"fes-les-taximen-imposent-leurs-nouveaux-tarifs","status":"publish","type":"post","link":"https:\/\/linitiative.ca\/International\/fes-les-taximen-imposent-leurs-nouveaux-tarifs\/","title":{"rendered":"F\u00e8s: Les taximen imposent leurs nouveaux tarifs"},"content":{"rendered":"<p class=\"rtejustify\">Malgr\u00e9 le refus des autorit\u00e9s et la consternation des usagers, les chauffeurs de petits taxis \u00e0 F\u00e8s maintiennent leur bras de fer. Ces derniers appliquent en effet une nouvelle tarification \u00e0 compter de ce dimanche 21 f\u00e9vrier 2021. Selon eux, le tarif minimum de la course passe ainsi \u00e0 7 DH au lieu des 4 fix\u00e9s par les autorit\u00e9s. Le tarif de nuit devient quant \u00e0 lui de 10,5 DH, au lieu de 7 DH. Les diff\u00e9rentes repr\u00e9sentations syndicales des taximen de F\u00e8s soulignent que \u00ab\u00a0cette augmentation intervient \u00e0 la suite de moult discussions st\u00e9riles avec les autorit\u00e9s\u00a0\u00bb.<\/p>\n<p class=\"rtejustify\">Dans un communiqu\u00e9 publi\u00e9 par leur coordination, ces derni\u00e8res rappellent que \u00ab\u00a0les professionnels du secteur avaient r\u00e9clam\u00e9 une hausse des tarifs afin de pouvoir faire face \u00e0 la hausse du prix du gasoil, mais en vain\u00a0\u00bb. Finalement, ils ont d\u00e9cid\u00e9 d\u2019imposer leur loi sans se r\u00e9f\u00e9rer aux autorit\u00e9s, et au risque de subir les sanctions juridiques de la loi 104.12 sur la libert\u00e9 des prix et la concurrence, qui sanctionnent les contrevenants aux d\u00e9cisions de l\u2019\u00c9tat. Face \u00e0 cette situation, plusieurs usagers d\u00e9noncent \u00ab\u00a0une augmentation irrationnelle\u00a0\u00bb, appelant au boycott des petits taxis surtout que \u00ab\u00a0ces taximen n\u2019ont pas pris en consid\u00e9ration le pouvoir d\u2019achat et la situation \u00e9conomique de la ville lourdement impact\u00e9e par la crise du Covid-19\u00a0\u00bb.<\/p>\n<div class=\"dnd-atom-wrapper type-image context-sdl_editor_representation\" contenteditable=\"false\" readability=\"33\">\n<div class=\"dnd-drop-wrapper image\"><img loading=\"lazy\" decoding=\"async\" typeof=\"foaf:Image\" class=\"img-responsive\" src=\"https:\/\/www.leconomiste.com\/sites\/default\/files\/eco7\/public\/thumbnails\/image\/taxi_fes.jpg\" width=\"1949\" height=\"1417\" alt=\"taxi_fes.jpg\" title=\"taxi_fes.jpg\"\/><\/div>\n<p>\u00a0A F\u00e8s, les chauffeurs de petits taxis appliquent une nouvelle tarification.\u00a0<\/p>\n<\/div>\n<p class=\"rtejustify\"><em>Y.S.A.<\/em><\/p>\n<p>Auteur: hgueye<br \/>\n<a href=\"https:\/\/www.leconomiste.com\/flash-infos\/fes-les-taximen-imposent-leurs-nouveaux-tarifs\">Cliquez ici pour lire l&rsquo;article depuis sa source.<\/a><\/p>\n","protected":false},"excerpt":{"rendered":"<p>Malgr\u00e9 le refus des autorit\u00e9s et la consternation des usagers, les chauffeurs de petits taxis \u00e0 F\u00e8s maintiennent leur bras de fer. Ces derniers appliquent en effet une nouvelle tarification \u00e0 compter de ce dimanche 21 f\u00e9vrier 2021. Selon eux, le tarif minimum de la course passe ainsi \u00e0 7 DH au lieu des 4 [&hellip;]<\/p>\n","protected":false},"author":1763,"featured_media":0,"comment_status":"closed","ping_status":"closed","sticky":false,"template":"","format":"standard","meta":{"fifu_image_url":"https:\/\/www.leconomiste.com\/sites\/default\/files\/eco7\/public\/thumbnails\/image\/taxi_fes.jpg","fifu_image_alt":"F\u00e8s: Les taximen imposent leurs nouveaux tarifs","footnotes":""},"categories":[78,54],"tags":[],"class_list":["post-111725","post","type-post","status-publish","format-standard","hentry","category-economie","category-maroc"],"_links":{"self":[{"href":"https:\/\/linitiative.ca\/International\/wp-json\/wp\/v2\/posts\/111725","targetHints":{"allow":["GET"]}}],"collection":[{"href":"https:\/\/linitiative.ca\/International\/wp-json\/wp\/v2\/posts"}],"about":[{"href":"https:\/\/linitiative.ca\/International\/wp-json\/wp\/v2\/types\/post"}],"author":[{"embeddable":true,"href":"https:\/\/linitiative.ca\/International\/wp-json\/wp\/v2\/users\/1763"}],"replies":[{"embeddable":true,"href":"https:\/\/linitiative.ca\/International\/wp-json\/wp\/v2\/comments?post=111725"}],"version-history":[{"count":0,"href":"https:\/\/linitiative.ca\/International\/wp-json\/wp\/v2\/posts\/111725\/revisions"}],"wp:attachment":[{"href":"https:\/\/linitiative.ca\/International\/wp-json\/wp\/v2\/media?parent=111725"}],"wp:term":[{"taxonomy":"category","embeddable":true,"href":"https:\/\/linitiative.ca\/International\/wp-json\/wp\/v2\/categories?post=111725"},{"taxonomy":"post_tag","embeddable":true,"href":"https:\/\/linitiative.ca\/International\/wp-json\/wp\/v2\/tags?post=111725"}],"curies":[{"name":"wp","href":"https:\/\/api.w.org\/{rel}","templated":true}]}}