{"id":111727,"date":"2021-02-21T15:14:13","date_gmt":"2021-02-21T20:14:13","guid":{"rendered":"https:\/\/linitiative.ca\/International\/pros-9eme-titularisation-de-suite-pour-zerrouki\/"},"modified":"2021-02-21T15:14:13","modified_gmt":"2021-02-21T20:14:13","slug":"pros-9eme-titularisation-de-suite-pour-zerrouki","status":"publish","type":"post","link":"https:\/\/linitiative.ca\/International\/pros-9eme-titularisation-de-suite-pour-zerrouki\/","title":{"rendered":"Pros : 9eme titularisation de suite pour Zerrouki"},"content":{"rendered":"<div readability=\"32\">\n<p>Auteur : <span>Moumen A.<\/span> <span class=\"time\">dimanche 21 f\u00e9vrier 2021 15:27<\/span><\/p>\n<\/div>\n<div id=\"post_core\" readability=\"40\">\n<p>Align\u00e9 encore une fois d\u2019entr\u00e9e par son entraineur ce dimanche, \u00a0le milieu de terrain alg\u00e9rien de Twente FC Ramiz Zerrouki a disput\u00e9 l\u2019int\u00e9gralit\u00e9 de la rencontre face \u00e0 Feyenoord Rotterdam. Pour sa neuvi\u00e8me titularisation d\u2019affil\u00e9, le joueur form\u00e9 \u00e0 l\u2019Ajax a d\u00e9montr\u00e9 de bonnes qualit\u00e9s\u00a0 au milieu de terrain. ce jeune milieu d\u00e9fensif de 22 ans, excelle en couverture et s\u2019illustre surtout par sa tr\u00e8s bonne lecture de jeu et ses relances propres.<\/p>\n<p><strong>Moumen A.<\/strong><\/p>\n<p><strong>Publi\u00e9 dans :<\/strong> <span>Ramiz Zerrouki<\/span><\/p>\n<\/div>\n<p>Auteur:<br \/>\n<a href=\"http:\/\/www.lebuteur.com\/article\/detail?titre=9eme-titularisation-de-suite-pour-zerrouki&#038;id=99153&#038;utm_source=feedburner&#038;utm_medium=feed&#038;utm_campaign=Feed%3A+GalerieFArtciles+%28Les+derniers+articles++-+lebuteur.com%29\">Cliquez ici pour lire l&rsquo;article depuis sa source.<\/a><\/p>\n","protected":false},"excerpt":{"rendered":"<p>Auteur : Moumen A. dimanche 21 f\u00e9vrier 2021 15:27 Align\u00e9 encore une fois d\u2019entr\u00e9e par son entraineur ce dimanche, \u00a0le milieu de terrain alg\u00e9rien de Twente FC Ramiz Zerrouki a disput\u00e9 l\u2019int\u00e9gralit\u00e9 de la rencontre face \u00e0 Feyenoord Rotterdam. Pour sa neuvi\u00e8me titularisation d\u2019affil\u00e9, le joueur form\u00e9 \u00e0 l\u2019Ajax a d\u00e9montr\u00e9 de bonnes qualit\u00e9s\u00a0 au [&hellip;]<\/p>\n","protected":false},"author":1738,"featured_media":0,"comment_status":"closed","ping_status":"closed","sticky":false,"template":"","format":"standard","meta":{"fifu_image_url":"\/\/cdn.lebuteur.com\/data\/images\/article\/thumbs\/large-9eme-titularisation-de-suite-pour-zerrouki-ef9a2.jpg","fifu_image_alt":"Pros : 9eme titularisation de suite pour Zerrouki","footnotes":""},"categories":[53,75],"tags":[],"class_list":["post-111727","post","type-post","status-publish","format-standard","hentry","category-algerie","category-sport"],"_links":{"self":[{"href":"https:\/\/linitiative.ca\/International\/wp-json\/wp\/v2\/posts\/111727","targetHints":{"allow":["GET"]}}],"collection":[{"href":"https:\/\/linitiative.ca\/International\/wp-json\/wp\/v2\/posts"}],"about":[{"href":"https:\/\/linitiative.ca\/International\/wp-json\/wp\/v2\/types\/post"}],"author":[{"embeddable":true,"href":"https:\/\/linitiative.ca\/International\/wp-json\/wp\/v2\/users\/1738"}],"replies":[{"embeddable":true,"href":"https:\/\/linitiative.ca\/International\/wp-json\/wp\/v2\/comments?post=111727"}],"version-history":[{"count":0,"href":"https:\/\/linitiative.ca\/International\/wp-json\/wp\/v2\/posts\/111727\/revisions"}],"wp:attachment":[{"href":"https:\/\/linitiative.ca\/International\/wp-json\/wp\/v2\/media?parent=111727"}],"wp:term":[{"taxonomy":"category","embeddable":true,"href":"https:\/\/linitiative.ca\/International\/wp-json\/wp\/v2\/categories?post=111727"},{"taxonomy":"post_tag","embeddable":true,"href":"https:\/\/linitiative.ca\/International\/wp-json\/wp\/v2\/tags?post=111727"}],"curies":[{"name":"wp","href":"https:\/\/api.w.org\/{rel}","templated":true}]}}