{"id":111728,"date":"2021-02-21T15:14:15","date_gmt":"2021-02-21T20:14:15","guid":{"rendered":"https:\/\/linitiative.ca\/International\/pros-senhadji-revient-bien-avec-montana\/"},"modified":"2021-02-21T15:14:15","modified_gmt":"2021-02-21T20:14:15","slug":"pros-senhadji-revient-bien-avec-montana","status":"publish","type":"post","link":"https:\/\/linitiative.ca\/International\/pros-senhadji-revient-bien-avec-montana\/","title":{"rendered":"Pros : Senhadji revient bien avec Montana"},"content":{"rendered":"<div readability=\"32\">\n<p>Auteur : <span>Moumen A.<\/span> <span class=\"time\">dimanche 21 f\u00e9vrier 2021 16:02<\/span><\/p>\n<\/div>\n<div id=\"post_core\" readability=\"40\">\n<p>Le d\u00e9fenseur alg\u00e9rien Rayan Senhadji partir cette ann\u00e9e en Bulgarie, a sign\u00e9 un bon retour\u00a0 \u00e0 la comp\u00e9tition. Titulaire indiscutable, Senhadji form\u00e9 \u00e0 Sochaux s\u2019\u00e9tait plaint de douleurs au niveau de la cheville lors du match perdu par ses camarades deux buts \u00e0 z\u00e9ro contre le Levski Sofia, a repris sa place hier dans l\u2019axe de la d\u00e9fense de Montana PFK. Son intronisation en jeu \u00e0 la 70\u2019 a ramen\u00e9 plus de stabilit\u00e9 \u00e0 la d\u00e9fense de son \u00e9quipe qui a pu pr\u00e9server son avance d\u2019un but jusqu\u2019au coup de sifflet final.<\/p>\n<p><strong>Moumen A.<\/strong><\/p>\n<p><strong>Publi\u00e9 dans :<\/strong> <span>Rayan Senhadji<\/span><\/p>\n<\/div>\n<p>Auteur:<br \/>\n<a href=\"http:\/\/www.lebuteur.com\/article\/detail?titre=senhadji-revient-bien-avec-montana&#038;id=99154&#038;utm_source=feedburner&#038;utm_medium=feed&#038;utm_campaign=Feed%3A+GalerieFArtciles+%28Les+derniers+articles++-+lebuteur.com%29\">Cliquez ici pour lire l&rsquo;article depuis sa source.<\/a><\/p>\n","protected":false},"excerpt":{"rendered":"<p>Auteur : Moumen A. dimanche 21 f\u00e9vrier 2021 16:02 Le d\u00e9fenseur alg\u00e9rien Rayan Senhadji partir cette ann\u00e9e en Bulgarie, a sign\u00e9 un bon retour\u00a0 \u00e0 la comp\u00e9tition. Titulaire indiscutable, Senhadji form\u00e9 \u00e0 Sochaux s\u2019\u00e9tait plaint de douleurs au niveau de la cheville lors du match perdu par ses camarades deux buts \u00e0 z\u00e9ro contre le [&hellip;]<\/p>\n","protected":false},"author":1738,"featured_media":0,"comment_status":"closed","ping_status":"closed","sticky":false,"template":"","format":"standard","meta":{"fifu_image_url":"\/\/cdn.lebuteur.com\/data\/images\/article\/thumbs\/large-senhadji-revient-bien-avec-montana-9150d.jpg","fifu_image_alt":"Pros : Senhadji revient bien avec Montana","footnotes":""},"categories":[53,75],"tags":[],"class_list":["post-111728","post","type-post","status-publish","format-standard","hentry","category-algerie","category-sport"],"_links":{"self":[{"href":"https:\/\/linitiative.ca\/International\/wp-json\/wp\/v2\/posts\/111728","targetHints":{"allow":["GET"]}}],"collection":[{"href":"https:\/\/linitiative.ca\/International\/wp-json\/wp\/v2\/posts"}],"about":[{"href":"https:\/\/linitiative.ca\/International\/wp-json\/wp\/v2\/types\/post"}],"author":[{"embeddable":true,"href":"https:\/\/linitiative.ca\/International\/wp-json\/wp\/v2\/users\/1738"}],"replies":[{"embeddable":true,"href":"https:\/\/linitiative.ca\/International\/wp-json\/wp\/v2\/comments?post=111728"}],"version-history":[{"count":0,"href":"https:\/\/linitiative.ca\/International\/wp-json\/wp\/v2\/posts\/111728\/revisions"}],"wp:attachment":[{"href":"https:\/\/linitiative.ca\/International\/wp-json\/wp\/v2\/media?parent=111728"}],"wp:term":[{"taxonomy":"category","embeddable":true,"href":"https:\/\/linitiative.ca\/International\/wp-json\/wp\/v2\/categories?post=111728"},{"taxonomy":"post_tag","embeddable":true,"href":"https:\/\/linitiative.ca\/International\/wp-json\/wp\/v2\/tags?post=111728"}],"curies":[{"name":"wp","href":"https:\/\/api.w.org\/{rel}","templated":true}]}}