{"id":111729,"date":"2021-02-21T15:14:17","date_gmt":"2021-02-21T20:14:17","guid":{"rendered":"https:\/\/linitiative.ca\/International\/afrique-coupe-de-la-caf-la-jsk-qualifiee-pour-la-phase-de-poules\/"},"modified":"2021-02-21T15:14:17","modified_gmt":"2021-02-21T20:14:17","slug":"afrique-coupe-de-la-caf-la-jsk-qualifiee-pour-la-phase-de-poules","status":"publish","type":"post","link":"https:\/\/linitiative.ca\/International\/afrique-coupe-de-la-caf-la-jsk-qualifiee-pour-la-phase-de-poules\/","title":{"rendered":"Afrique : Coupe de la CAF: la JSK qualifi\u00e9e pour la phase de poules"},"content":{"rendered":"<div readability=\"32\">\n<p>Auteur : <span>APS<\/span> <span class=\"time\">dimanche 21 f\u00e9vrier 2021 18:37<\/span><\/p>\n<\/div>\n<div id=\"post_core\" readability=\"45\">\n<p>La JS Kabylie a valid\u00e9 son billet pour la phase de poules de la Coupe de la Conf\u00e9d\u00e9ration africaine de football, en s&rsquo;imposant devant le Stade malien sur le score de 1 \u00e0 0 (mi-temps : 1-0), \u00e0 l&rsquo;issue de la manche retour des 16es de finale \u00ab\u00a0bis\u00a0\u00bb, disput\u00e9e dimanche au stade du 1er-Novembre de Tizi-Ouzou. L&rsquo;unique but de la rencontre a \u00e9t\u00e9 inscrit par Badr-Eddine Souyad \u00e0 la 5e minute de jeu pour la JSK. Les \u00ab\u00a0Jaune et Vert\u00a0\u00bb, qui ont profit\u00e9 du report du match de la 14e journ\u00e9e de championnat contre le RC Relizane pour peaufiner leur pr\u00e9paration, ont \u00e9volu\u00e9 au grand complet, un atout pour le staff technique qui a pr\u00e9sent\u00e9 son effectif-type face \u00e0 une formation malienne tr\u00e8s accrocheuse. La JSK doit sa qualification essentiellement \u00e0 la fra\u00eecheur physique des joueurs qui y ont cru m\u00eame s&rsquo;ils n&rsquo;ont pas livr\u00e9 un grand match devant un adversaire qui a cr\u00e9\u00e9 \u00e9norm\u00e9ment de difficult\u00e9s aux co\u00e9quipiers de Hamroune.\u00a0 Au match aller, le champion du Mali s&rsquo;\u00e9tait difficilement impos\u00e9 face aux Kabyles qui tenaient en main le r\u00e9sultat du match nul, si ce n&rsquo;est ce penalty inscrit par Mamadou Coulibaly \u00e0 la 90&rsquo;+4, donnant l&rsquo;avantage \u00e0 son \u00e9quipe (2-1). La JSK sera fix\u00e9e sur son adversaire en phase de poules lundi, \u00e0 l&rsquo;occasion du tirage au sort pr\u00e9vu au si\u00e8ge de la CAF au Caire (Egypte) \u00e0 14h00 (alg\u00e9riennes).<\/p>\n<p><strong>Publi\u00e9 dans :<\/strong> <span>JSK<\/span><\/p>\n<\/div>\n<p>Auteur:<br \/>\n<a href=\"http:\/\/www.lebuteur.com\/article\/detail?titre=coupe-de-la-caf-la-jsk-qualifiee-pour-la-phase-de-poules&#038;id=99155&#038;utm_source=feedburner&#038;utm_medium=feed&#038;utm_campaign=Feed%3A+GalerieFArtciles+%28Les+derniers+articles++-+lebuteur.com%29\">Cliquez ici pour lire l&rsquo;article depuis sa source.<\/a><\/p>\n","protected":false},"excerpt":{"rendered":"<p>Auteur : APS dimanche 21 f\u00e9vrier 2021 18:37 La JS Kabylie a valid\u00e9 son billet pour la phase de poules de la Coupe de la Conf\u00e9d\u00e9ration africaine de football, en s&rsquo;imposant devant le Stade malien sur le score de 1 \u00e0 0 (mi-temps : 1-0), \u00e0 l&rsquo;issue de la manche retour des 16es de finale [&hellip;]<\/p>\n","protected":false},"author":1738,"featured_media":0,"comment_status":"closed","ping_status":"closed","sticky":false,"template":"","format":"standard","meta":{"fifu_image_url":"\/\/cdn.lebuteur.com\/data\/images\/article\/thumbs\/large-coupe-de-la-caf-la-jsk-qualifie-pour-la-phase-de-poules-b1bf8.jpg","fifu_image_alt":"Afrique : Coupe de la CAF: la JSK qualifi\u00e9e pour la phase de poules","footnotes":""},"categories":[53,75],"tags":[],"class_list":["post-111729","post","type-post","status-publish","format-standard","hentry","category-algerie","category-sport"],"_links":{"self":[{"href":"https:\/\/linitiative.ca\/International\/wp-json\/wp\/v2\/posts\/111729","targetHints":{"allow":["GET"]}}],"collection":[{"href":"https:\/\/linitiative.ca\/International\/wp-json\/wp\/v2\/posts"}],"about":[{"href":"https:\/\/linitiative.ca\/International\/wp-json\/wp\/v2\/types\/post"}],"author":[{"embeddable":true,"href":"https:\/\/linitiative.ca\/International\/wp-json\/wp\/v2\/users\/1738"}],"replies":[{"embeddable":true,"href":"https:\/\/linitiative.ca\/International\/wp-json\/wp\/v2\/comments?post=111729"}],"version-history":[{"count":0,"href":"https:\/\/linitiative.ca\/International\/wp-json\/wp\/v2\/posts\/111729\/revisions"}],"wp:attachment":[{"href":"https:\/\/linitiative.ca\/International\/wp-json\/wp\/v2\/media?parent=111729"}],"wp:term":[{"taxonomy":"category","embeddable":true,"href":"https:\/\/linitiative.ca\/International\/wp-json\/wp\/v2\/categories?post=111729"},{"taxonomy":"post_tag","embeddable":true,"href":"https:\/\/linitiative.ca\/International\/wp-json\/wp\/v2\/tags?post=111729"}],"curies":[{"name":"wp","href":"https:\/\/api.w.org\/{rel}","templated":true}]}}