{"id":111731,"date":"2021-02-21T15:14:21","date_gmt":"2021-02-21T20:14:21","guid":{"rendered":"https:\/\/linitiative.ca\/International\/pros-ol-slimani-compte-bien-simposer-en-equipe-premiere\/"},"modified":"2021-02-21T15:14:21","modified_gmt":"2021-02-21T20:14:21","slug":"pros-ol-slimani-compte-bien-simposer-en-equipe-premiere","status":"publish","type":"post","link":"https:\/\/linitiative.ca\/International\/pros-ol-slimani-compte-bien-simposer-en-equipe-premiere\/","title":{"rendered":"Pros : OL : Slimani compte bien s&rsquo;imposer en \u00e9quipe premi\u00e8re"},"content":{"rendered":"<div readability=\"32\">\n<p>Auteur : <span class=\"time\">dimanche 21 f\u00e9vrier 2021 20:12<\/span><\/p>\n<\/div>\n<div id=\"post_core\" readability=\"47\">\n<p>Jamais titulaire en Ligue 1 fran\u00e7aise pour le moment, l&rsquo;international alg\u00e9rien compte bien inverser la donne : \u00ab\u00a0Je ne me contente pas d&rsquo;\u00eatre rempla\u00e7ant. Je veux aider l&rsquo;\u00e9quipe, alors je vais tout faire pour gagner cette place de titulaire\u00a0\u00bb, assure ainsi Slimani. L&rsquo;ancien attaquant de Leicester, qui admet penser au titre, affirme \u00e9galement que le vestiaire n&rsquo;en parle pas beaucoup comme le rapporte Foot-national.<\/p>\n<p>Islam Slimani revient aussi sur son transfert avort\u00e9 \u00e0 Nantes et estime que, si cela ne s&rsquo;est pas fait, c&rsquo;est qu&rsquo;on \u00ab\u00a0lui a manqu\u00e9 de respect\u00a0\u00bb. \u00ab\u00a0Il y avait trop de choses qui ne collaient pas avec ce dont on avait parl\u00e9 avant\u00a0\u00bb, insiste le buteur lyonnais.\u00a0<\/p>\n<p><strong>Publi\u00e9 dans :<\/strong> <span>slimani<\/span><\/p>\n<\/div>\n<p>Auteur:<br \/>\n<a href=\"http:\/\/www.lebuteur.com\/article\/detail?titre=ol-slimani-compte-bien-simposer-en-equipe-premiere&#038;id=99157&#038;utm_source=feedburner&#038;utm_medium=feed&#038;utm_campaign=Feed%3A+GalerieFArtciles+%28Les+derniers+articles++-+lebuteur.com%29\">Cliquez ici pour lire l&rsquo;article depuis sa source.<\/a><\/p>\n","protected":false},"excerpt":{"rendered":"<p>Auteur : dimanche 21 f\u00e9vrier 2021 20:12 Jamais titulaire en Ligue 1 fran\u00e7aise pour le moment, l&rsquo;international alg\u00e9rien compte bien inverser la donne : \u00ab\u00a0Je ne me contente pas d&rsquo;\u00eatre rempla\u00e7ant. Je veux aider l&rsquo;\u00e9quipe, alors je vais tout faire pour gagner cette place de titulaire\u00a0\u00bb, assure ainsi Slimani. L&rsquo;ancien attaquant de Leicester, qui admet [&hellip;]<\/p>\n","protected":false},"author":1738,"featured_media":0,"comment_status":"closed","ping_status":"closed","sticky":false,"template":"","format":"standard","meta":{"fifu_image_url":"\/\/cdn.lebuteur.com\/data\/images\/article\/thumbs\/large-ol-slimani-compte-bien-simposer-en-equipe-premiere-2eafb.jpg","fifu_image_alt":"Pros : OL : Slimani compte bien s'imposer en \u00e9quipe premi\u00e8re","footnotes":""},"categories":[53,75],"tags":[],"class_list":["post-111731","post","type-post","status-publish","format-standard","hentry","category-algerie","category-sport"],"_links":{"self":[{"href":"https:\/\/linitiative.ca\/International\/wp-json\/wp\/v2\/posts\/111731","targetHints":{"allow":["GET"]}}],"collection":[{"href":"https:\/\/linitiative.ca\/International\/wp-json\/wp\/v2\/posts"}],"about":[{"href":"https:\/\/linitiative.ca\/International\/wp-json\/wp\/v2\/types\/post"}],"author":[{"embeddable":true,"href":"https:\/\/linitiative.ca\/International\/wp-json\/wp\/v2\/users\/1738"}],"replies":[{"embeddable":true,"href":"https:\/\/linitiative.ca\/International\/wp-json\/wp\/v2\/comments?post=111731"}],"version-history":[{"count":0,"href":"https:\/\/linitiative.ca\/International\/wp-json\/wp\/v2\/posts\/111731\/revisions"}],"wp:attachment":[{"href":"https:\/\/linitiative.ca\/International\/wp-json\/wp\/v2\/media?parent=111731"}],"wp:term":[{"taxonomy":"category","embeddable":true,"href":"https:\/\/linitiative.ca\/International\/wp-json\/wp\/v2\/categories?post=111731"},{"taxonomy":"post_tag","embeddable":true,"href":"https:\/\/linitiative.ca\/International\/wp-json\/wp\/v2\/tags?post=111731"}],"curies":[{"name":"wp","href":"https:\/\/api.w.org\/{rel}","templated":true}]}}