{"id":111732,"date":"2021-02-21T13:59:43","date_gmt":"2021-02-21T18:59:43","guid":{"rendered":"https:\/\/linitiative.ca\/International\/le-president-tebboune-procede-a-un-remaniement-ministeriel\/"},"modified":"2021-02-21T13:59:43","modified_gmt":"2021-02-21T18:59:43","slug":"le-president-tebboune-procede-a-un-remaniement-ministeriel","status":"publish","type":"post","link":"https:\/\/linitiative.ca\/International\/le-president-tebboune-procede-a-un-remaniement-ministeriel\/","title":{"rendered":"Le pr\u00e9sident Tebboune proc\u00e8de \u00e0 un remaniement minist\u00e9riel\u00a0"},"content":{"rendered":"<h4 class=\"title-14\"\/>\n<div class=\"featured_image\"><img loading=\"lazy\" decoding=\"async\" width=\"800\" height=\"532\" src=\"https:\/\/www.elwatan.com\/wp-content\/uploads\/2019\/04\/palais-col-e1554164444604.jpg\" class=\"attachment-post-thumbnail size-post-thumbnail wp-post-image\" alt=\"Palais du Gouvernement\"\/> <span class=\"featured-image-caption\">Le Palais du gouvernement (Alger) (Photo : EL WATAN)<\/span><\/div>\n<p>Le pr\u00e9sident de la R\u00e9publique, M. Abdelmadjid Tebboune, chef supr\u00eame des forces arm\u00e9es, ministre de la D\u00e9fense nationale, a sign\u00e9 ce dimanche le d\u00e9cret pr\u00e9sidentiel n 78 portant remaniement minist\u00e9riel, a indiqu\u00e9 un communiqu\u00e9 de la pr\u00e9sidence de la R\u00e9publique. En vertu de ce d\u00e9cret, sont nomm\u00e9s mesdames et messieurs:<\/p>\n<ul>\n<li><strong>Abdelaziz Djerad :<\/strong> Premier ministre.<\/li>\n<li><strong>Sabri Boukadoum :<\/strong> Ministre des Affaires \u00e9trang\u00e8res.<\/li>\n<li><strong>Kamel Beldjoud :<\/strong> Ministre de l\u2019Int\u00e9rieur, des Collectivit\u00e9s locales et de l\u2019Am\u00e9nagement du Territoire.<\/li>\n<li><strong>Belkacem Zeghmati :<\/strong> Ministre de la Justice, garde des Sceaux.<\/li>\n<li><strong>A\u00efmene Benabderrahmane :<\/strong> Ministre des Finances.<\/li>\n<li><strong>Mohamed Arkab :<\/strong> Ministre de l\u2019Energie et des Mines.<\/li>\n<li><strong>Chems Eddine Chitour :<\/strong> Ministre de la Transition \u00e9nerg\u00e9tique et des Energies renouvelables.<\/li>\n<li><strong>Tayeb Zitouni :<\/strong> Ministre des Moudjahidine et des Ayants-droit.<\/li>\n<li><strong>Youcef Belmehdi :<\/strong> Ministre des Affaires religieuses et des Wakfs.<\/li>\n<li><strong>Mohamed Ouadjaout :<\/strong> Ministre de l\u2019Education nationale.<\/li>\n<li><strong>Abdelbaki Benziane :<\/strong> Ministre de l\u2019Enseignement sup\u00e9rieur et de la Recherche scientifique.<\/li>\n<li><strong>Hoyam Benfriha :<\/strong> Ministre de la Formation et de l\u2019Enseignement\u00a0<wbr\/>professionnels.<\/li>\n<li><strong>Malika Bendouda :<\/strong> Ministre de la Culture et des Arts.<\/li>\n<li><strong>Sid Ali Khaldi :<\/strong> Ministre de la Jeunesse et des Sports.<\/li>\n<li><strong>Hocine Cherhabil :<\/strong> Ministre de la Num\u00e9risation et des Statistiques.<\/li>\n<li><strong>Brahim Boumzar :<\/strong> Ministre de la Poste et des T\u00e9l\u00e9communications.<\/li>\n<li><strong>Kaoutar Krikou :<\/strong> Ministre de la Solidarit\u00e9 nationale, de la Famille et de la Condition de la femme.<\/li>\n<li><strong>Mohamed Bacha :<\/strong> Ministre de l\u2019Industrie.<\/li>\n<li><strong>Abdelhamid Hemdani :<\/strong> Ministre de l\u2019Agriculture et du D\u00e9veloppement rural.<\/li>\n<li><strong>Tarek Belaribi :<\/strong> Ministre de l\u2019Habitat, de l\u2019Urbanisme et de la Ville.<\/li>\n<li><strong>Kamel Rezig :<\/strong> Ministre du Commerce.<\/li>\n<li><strong>Ammar Belhimer :<\/strong> Ministre de la Communication, Porte-parole du gouvernement.<\/li>\n<li><strong>Kamel Nasri :<\/strong> Ministre des Travaux publics et des Transports.<\/li>\n<li><strong>Mustapha Kamel Mihoubi :<\/strong> Ministre des Ressources en eau.<\/li>\n<li><strong>Mohamed Ali Boughazi :<\/strong> Ministre du Tourisme, de l\u2019Artisanat et du Travail familial.<\/li>\n<li><strong>Abderrahmane Benbouzid :<\/strong> Ministre de la Sant\u00e9, de la Population et de la R\u00e9forme hospitali\u00e8re.<\/li>\n<li><strong>El-Hachemi Dja\u00e2boub :<\/strong> Ministre du Travail, de l\u2019Emploi et de la S\u00e9curit\u00e9 sociale.<\/li>\n<li><strong>Bessma Azouar :<\/strong> Ministre des Relations avec le Parlement.<\/li>\n<li><strong>Dalila Boudjemaa :<\/strong> Ministre de l\u2019Environnement.<\/li>\n<li><strong>Sid Ahmed Ferroukhi :<\/strong> Ministre de la P\u00eache et des Productions halieutiques.<\/li>\n<li><strong>Abderrahmane Lotfi Djamel Benbahmad :<\/strong> ministre de l\u2019industrie pharmaceutique.<\/li>\n<li><strong>Nassim Diafat :<\/strong> Ministre d\u00e9l\u00e9gu\u00e9 aupr\u00e8s du Premier ministre charg\u00e9 des micro-entreprises.<\/li>\n<li><strong>Yacine El-Mahdi Oualid :<\/strong> Ministre d\u00e9l\u00e9gu\u00e9 aupr\u00e8s du Premier ministre charg\u00e9 de l\u2019\u00e9conomie de la connaissance et des starts-up.<\/li>\n<li><strong>Ismail Mesbah :<\/strong> Secr\u00e9taire d\u2019Etat aupr\u00e8s du ministre de la Sant\u00e9, de la Population et de la R\u00e9forme hospitali\u00e8re charg\u00e9 de la R\u00e9forme hospitali\u00e8re.<\/li>\n<li><strong>Salima Souakri :<\/strong> Secr\u00e9taire d\u2019Etat aupr\u00e8s du ministre de la Jeunesse et des Sports, charg\u00e9e du sport d\u2019\u00e9lite.<\/li>\n<li><strong>Yahia Boukhari :<\/strong> Secr\u00e9taire g\u00e9n\u00e9ral du Gouvernement.<\/li>\n<\/ul>\n<p>En vertu de ce remaniement minist\u00e9riel, le Pr\u00e9sident de la R\u00e9publique a d\u00e9cid\u00e9 de r\u00e9duire le nombre des d\u00e9partements minist\u00e9riels et de se focaliser sur l\u2019efficacit\u00e9 sur le terrain par l\u2019implication de nouvelles comp\u00e9tences.<\/p>\n<p><span class=\"post-views-label\">Post Views:<\/span> <span class=\"post-views-count\">1\u00a0133<\/span><\/p>\n<p><br class=\"c2\"\/><\/p>\n<div class=\"ichhar-moneytagnative c5\" id=\"ichhar-248027690\">\n<p>Advertisements<\/p>\n<\/div>\n<p><br class=\"c2\"\/><br \/>\n<br class=\"c6\"\/><\/p>\n<p>Auteur: Mohand Yahiaoui<br \/>\n<a href=\"https:\/\/www.elwatan.com\/edition\/actualite\/le-president-tebboune-procede-a-un-remaniement-ministeriel-21-02-2021\">Cliquez ici pour lire l&rsquo;article depuis sa source.<\/a><\/p>\n","protected":false},"excerpt":{"rendered":"<p>Le Palais du gouvernement (Alger) (Photo : EL WATAN) Le pr\u00e9sident de la R\u00e9publique, M. Abdelmadjid Tebboune, chef supr\u00eame des forces arm\u00e9es, ministre de la D\u00e9fense nationale, a sign\u00e9 ce dimanche le d\u00e9cret pr\u00e9sidentiel n 78 portant remaniement minist\u00e9riel, a indiqu\u00e9 un communiqu\u00e9 de la pr\u00e9sidence de la R\u00e9publique. En vertu de ce d\u00e9cret, sont [&hellip;]<\/p>\n","protected":false},"author":1743,"featured_media":0,"comment_status":"closed","ping_status":"closed","sticky":false,"template":"","format":"standard","meta":{"fifu_image_url":"https:\/\/www.elwatan.com\/wp-content\/uploads\/2019\/04\/palais-col-e1554164444604.jpg","fifu_image_alt":"Le pr\u00e9sident Tebboune proc\u00e8de \u00e0 un remaniement minist\u00e9riel\u00a0","footnotes":""},"categories":[73,53],"tags":[],"class_list":["post-111732","post","type-post","status-publish","format-standard","hentry","category-actualite","category-algerie"],"_links":{"self":[{"href":"https:\/\/linitiative.ca\/International\/wp-json\/wp\/v2\/posts\/111732","targetHints":{"allow":["GET"]}}],"collection":[{"href":"https:\/\/linitiative.ca\/International\/wp-json\/wp\/v2\/posts"}],"about":[{"href":"https:\/\/linitiative.ca\/International\/wp-json\/wp\/v2\/types\/post"}],"author":[{"embeddable":true,"href":"https:\/\/linitiative.ca\/International\/wp-json\/wp\/v2\/users\/1743"}],"replies":[{"embeddable":true,"href":"https:\/\/linitiative.ca\/International\/wp-json\/wp\/v2\/comments?post=111732"}],"version-history":[{"count":0,"href":"https:\/\/linitiative.ca\/International\/wp-json\/wp\/v2\/posts\/111732\/revisions"}],"wp:attachment":[{"href":"https:\/\/linitiative.ca\/International\/wp-json\/wp\/v2\/media?parent=111732"}],"wp:term":[{"taxonomy":"category","embeddable":true,"href":"https:\/\/linitiative.ca\/International\/wp-json\/wp\/v2\/categories?post=111732"},{"taxonomy":"post_tag","embeddable":true,"href":"https:\/\/linitiative.ca\/International\/wp-json\/wp\/v2\/tags?post=111732"}],"curies":[{"name":"wp","href":"https:\/\/api.w.org\/{rel}","templated":true}]}}