{"id":111733,"date":"2021-02-21T14:30:29","date_gmt":"2021-02-21T19:30:29","guid":{"rendered":"https:\/\/linitiative.ca\/International\/10-circonscriptions-administratives-du-sud-promues-en-wilayas\/"},"modified":"2021-02-21T14:30:29","modified_gmt":"2021-02-21T19:30:29","slug":"10-circonscriptions-administratives-du-sud-promues-en-wilayas","status":"publish","type":"post","link":"https:\/\/linitiative.ca\/International\/10-circonscriptions-administratives-du-sud-promues-en-wilayas\/","title":{"rendered":"10 circonscriptions administratives du Sud promues en wilayas"},"content":{"rendered":"<h4 class=\"title-14\"\/>\n<p class=\"c5\"><strong><em>Le Pr\u00e9sident Abdelmadjid Tebboune a d\u00e9cid\u00e9 de promouvoir dix circonscriptions administratives du Sud en wilayas \u00e0 part enti\u00e8re, et nomm\u00e9 des walis et des secr\u00e9taires g\u00e9n\u00e9raux \u00e0 la t\u00eate de ces wilayas, a indiqu\u00e9 ce dimanche un communiqu\u00e9 de la Pr\u00e9sidence de la R\u00e9publique.<\/em><\/strong><\/p>\n<p class=\"c5\">\u00ab\u00a0Conform\u00e9ment \u00e0 la loi relative \u00e0 l\u2019organisation territoriale du pays, le Pr\u00e9sident de la R\u00e9publique, M. Abdelmadjid Tebboune a d\u00e9cid\u00e9 de promouvoir 10 circonscriptions administratives du Sud en wilayas \u00e0 part enti\u00e8re.<\/p>\n<p class=\"c5\">Il s\u2019agit des wilayas de : Timimoun, Bordj Badji Mokhtar, B\u00e9ni Abb\u00e8s, Ouled Djellal, In Salah, In Guezzam, Touggourt, Djanet, El M\u2019Ghair, El Menia.<\/p>\n<p class=\"c5\">Dans ce cadre, le Pr\u00e9sident de la R\u00e9publique a nomm\u00e9 au poste de wali, messieurs Youcef Bechlaoui, wali de Timimoun, Othmane Abdelaziz, wali de Bordj Badji Mokhtar, Aissa Aziz Bouras, wali d\u2019Ouled Djellal, Saad Chenouf, wali de B\u00e9ni Abb\u00e8s,\u00a0\u00a0Ibrahim Ghemired, wali d\u2019In Salah, Mehdi Bouchareb, wali d\u2019In Guezzam, Nacer Sebaa, wali de Touggourt, Benabdallah Chaib Eddour, wali de Djanet, Aissa Aissat, wali d\u2019El M\u2019ghair et Boubekeur Lansari, wali d\u2019El Menia.<\/p>\n<p><span class=\"post-views-label\">Post Views:<\/span> <span class=\"post-views-count\">273<\/span><\/p>\n<p><br class=\"c2\"\/><\/p>\n<div class=\"ichhar-moneytagnative c6\" id=\"ichhar-6511989\">\n<p>Advertisements<\/p>\n<\/div>\n<p><br class=\"c2\"\/><br \/>\n<br class=\"c7\"\/><\/p>\n<p>Auteur: Mohand Yahiaoui<br \/>\n<a href=\"https:\/\/www.elwatan.com\/edition\/actualite\/10-circonscriptions-administratives-du-sud-promues-en-wilayas-21-02-2021\">Cliquez ici pour lire l&rsquo;article depuis sa source.<\/a><\/p>\n","protected":false},"excerpt":{"rendered":"<p>Le Pr\u00e9sident Abdelmadjid Tebboune a d\u00e9cid\u00e9 de promouvoir dix circonscriptions administratives du Sud en wilayas \u00e0 part enti\u00e8re, et nomm\u00e9 des walis et des secr\u00e9taires g\u00e9n\u00e9raux \u00e0 la t\u00eate de ces wilayas, a indiqu\u00e9 ce dimanche un communiqu\u00e9 de la Pr\u00e9sidence de la R\u00e9publique. \u00ab\u00a0Conform\u00e9ment \u00e0 la loi relative \u00e0 l\u2019organisation territoriale du pays, le [&hellip;]<\/p>\n","protected":false},"author":1743,"featured_media":0,"comment_status":"closed","ping_status":"closed","sticky":false,"template":"","format":"standard","meta":{"fifu_image_url":"","fifu_image_alt":"","footnotes":""},"categories":[73,53],"tags":[],"class_list":["post-111733","post","type-post","status-publish","format-standard","hentry","category-actualite","category-algerie"],"_links":{"self":[{"href":"https:\/\/linitiative.ca\/International\/wp-json\/wp\/v2\/posts\/111733","targetHints":{"allow":["GET"]}}],"collection":[{"href":"https:\/\/linitiative.ca\/International\/wp-json\/wp\/v2\/posts"}],"about":[{"href":"https:\/\/linitiative.ca\/International\/wp-json\/wp\/v2\/types\/post"}],"author":[{"embeddable":true,"href":"https:\/\/linitiative.ca\/International\/wp-json\/wp\/v2\/users\/1743"}],"replies":[{"embeddable":true,"href":"https:\/\/linitiative.ca\/International\/wp-json\/wp\/v2\/comments?post=111733"}],"version-history":[{"count":0,"href":"https:\/\/linitiative.ca\/International\/wp-json\/wp\/v2\/posts\/111733\/revisions"}],"wp:attachment":[{"href":"https:\/\/linitiative.ca\/International\/wp-json\/wp\/v2\/media?parent=111733"}],"wp:term":[{"taxonomy":"category","embeddable":true,"href":"https:\/\/linitiative.ca\/International\/wp-json\/wp\/v2\/categories?post=111733"},{"taxonomy":"post_tag","embeddable":true,"href":"https:\/\/linitiative.ca\/International\/wp-json\/wp\/v2\/tags?post=111733"}],"curies":[{"name":"wp","href":"https:\/\/api.w.org\/{rel}","templated":true}]}}