{"id":111734,"date":"2021-02-21T14:31:38","date_gmt":"2021-02-21T19:31:38","guid":{"rendered":"https:\/\/linitiative.ca\/International\/coupe-de-la-caf-les-setif-et-la-js-kabylie-qualifiees\/"},"modified":"2021-02-21T14:31:38","modified_gmt":"2021-02-21T19:31:38","slug":"coupe-de-la-caf-les-setif-et-la-js-kabylie-qualifiees","status":"publish","type":"post","link":"https:\/\/linitiative.ca\/International\/coupe-de-la-caf-les-setif-et-la-js-kabylie-qualifiees\/","title":{"rendered":"Coupe de la CAF : L\u2019ES S\u00e9tif et la JS Kabylie qualifi\u00e9es"},"content":{"rendered":"<h4 class=\"title-14\"\/>\n<p><em><strong>Les deux repr\u00e9sentants alg\u00e9riens en Coupe de la CAF, l\u2019ESS et la JSK, se sont qualifi\u00e9s \u00e0 la phase de poules.<\/strong><\/em><\/p>\n<p>L\u2019Entente de S\u00e9tif qui a fait l\u2019essentiel\u00a0\u00a0il y a une semaine au Ghana en match barrage aller des 16<sup>es\u00a0<\/sup>de finale face \u00e0 l\u2019Asante Kotoko (1-2), s\u2019est content\u00e9e d\u2019un nul vierge \u00e0 domicile.<\/p>\n<p>Un r\u00e9sultat certes inattendu, mais suffisant pour l\u2019Aigle noir qui d\u00e9croche sa qualification \u00e0 la phase de poules.<\/p>\n<p>Un peu plus t\u00f4t, la JS Kabylie s\u2019est qualifi\u00e9e aux d\u00e9pens du Stade Malien (Mali) apr\u00e8s sa courte victoire (1-0) en match barrage retour, disput\u00e9 \u00e0 Tizi Ouzou.<\/p>\n<p>L\u2019unique but de la partie a \u00e9t\u00e9 inscrit par Souyad de la t\u00eate \u00e0 la 4<sup>e<\/sup>\u00a0minute. Les partenaires du portier Benbot aurait pu inscrire d\u2019autres buts en fin de match, notamment par Boulahia.<\/p>\n<p>Battus \u00e0 l\u2019aller \u00e0 Bamako par 2 \u00e0 1, les Canaris sont qualifi\u00e9s \u00e0 la faveur du but inscrit \u00e0 l\u2019ext\u00e9rieur. L\u2019entra\u00eeneur de la JSK, Denis Lavagne s\u2019est montr\u00e9 satisfait de la qualification de son \u00e9quipe en d\u00e9clarant \u00e0 la fin du match\u00a0: <em>\u00ab\u00a0Mes joueurs ont \u00e9volu\u00e9 sous la pression de l\u2019enjeu et du r\u00e9sultat, mais nous avons r\u00e9ussi \u00e0 produire un bon match avec \u00e0 la cl\u00e9 une qualification m\u00e9rit\u00e9e face \u00e0 une \u00e9quipe habitu\u00e9e \u00e0 la comp\u00e9tition\u00bb<\/em>.<\/p>\n<p>Le tirage au sort de la phase de poule aura lieu lundi au Caire (Egypte).<\/p>\n<p><span class=\"post-views-label\">Post Views:<\/span> <span class=\"post-views-count\">206<\/span><\/p>\n<p><br class=\"c2\"\/><\/p>\n<div class=\"ichhar-moneytagnative c5\" id=\"ichhar-1407724925\">\n<p>Advertisements<\/p>\n<\/div>\n<p><br class=\"c2\"\/><br \/>\n<br class=\"c6\"\/><\/p>\n<p>Auteur: Mohand Yahiaoui<br \/>\n<a href=\"https:\/\/www.elwatan.com\/edition\/sports\/coupe-de-la-caf-les-setif-et-la-js-kabylie-qualifiees-21-02-2021\">Cliquez ici pour lire l&rsquo;article depuis sa source.<\/a><\/p>\n","protected":false},"excerpt":{"rendered":"<p>Les deux repr\u00e9sentants alg\u00e9riens en Coupe de la CAF, l\u2019ESS et la JSK, se sont qualifi\u00e9s \u00e0 la phase de poules. L\u2019Entente de S\u00e9tif qui a fait l\u2019essentiel\u00a0\u00a0il y a une semaine au Ghana en match barrage aller des 16es\u00a0de finale face \u00e0 l\u2019Asante Kotoko (1-2), s\u2019est content\u00e9e d\u2019un nul vierge \u00e0 domicile. Un r\u00e9sultat [&hellip;]<\/p>\n","protected":false},"author":1743,"featured_media":0,"comment_status":"closed","ping_status":"closed","sticky":false,"template":"","format":"standard","meta":{"fifu_image_url":"","fifu_image_alt":"","footnotes":""},"categories":[73,53],"tags":[],"class_list":["post-111734","post","type-post","status-publish","format-standard","hentry","category-actualite","category-algerie"],"_links":{"self":[{"href":"https:\/\/linitiative.ca\/International\/wp-json\/wp\/v2\/posts\/111734","targetHints":{"allow":["GET"]}}],"collection":[{"href":"https:\/\/linitiative.ca\/International\/wp-json\/wp\/v2\/posts"}],"about":[{"href":"https:\/\/linitiative.ca\/International\/wp-json\/wp\/v2\/types\/post"}],"author":[{"embeddable":true,"href":"https:\/\/linitiative.ca\/International\/wp-json\/wp\/v2\/users\/1743"}],"replies":[{"embeddable":true,"href":"https:\/\/linitiative.ca\/International\/wp-json\/wp\/v2\/comments?post=111734"}],"version-history":[{"count":0,"href":"https:\/\/linitiative.ca\/International\/wp-json\/wp\/v2\/posts\/111734\/revisions"}],"wp:attachment":[{"href":"https:\/\/linitiative.ca\/International\/wp-json\/wp\/v2\/media?parent=111734"}],"wp:term":[{"taxonomy":"category","embeddable":true,"href":"https:\/\/linitiative.ca\/International\/wp-json\/wp\/v2\/categories?post=111734"},{"taxonomy":"post_tag","embeddable":true,"href":"https:\/\/linitiative.ca\/International\/wp-json\/wp\/v2\/tags?post=111734"}],"curies":[{"name":"wp","href":"https:\/\/api.w.org\/{rel}","templated":true}]}}