{"id":111735,"date":"2021-02-21T15:05:23","date_gmt":"2021-02-21T20:05:23","guid":{"rendered":"https:\/\/linitiative.ca\/International\/mouvement-de-protestation-des-robes-noires-les-avocats-en-greve-durant-une-semaine-et-dans-plusieurs-juridictions\/"},"modified":"2021-02-21T15:05:23","modified_gmt":"2021-02-21T20:05:23","slug":"mouvement-de-protestation-des-robes-noires-les-avocats-en-greve-durant-une-semaine-et-dans-plusieurs-juridictions","status":"publish","type":"post","link":"https:\/\/linitiative.ca\/International\/mouvement-de-protestation-des-robes-noires-les-avocats-en-greve-durant-une-semaine-et-dans-plusieurs-juridictions\/","title":{"rendered":"Mouvement de protestation des robes noires : Les avocats en gr\u00e8ve durant une semaine et dans plusieurs juridictions"},"content":{"rendered":"<h4 class=\"title-14\"\/>\n<div class=\"featured_image\"><img loading=\"lazy\" decoding=\"async\" width=\"600\" height=\"400\" src=\"https:\/\/www.elwatan.com\/wp-content\/uploads\/2019\/03\/avocats-col.jpeg\" class=\"attachment-post-thumbnail size-post-thumbnail wp-post-image\" alt=\"\" srcset=\"https:\/\/www.elwatan.com\/wp-content\/uploads\/2019\/03\/avocats-col.jpeg 600w, https:\/\/www.elwatan.com\/wp-content\/uploads\/2019\/03\/avocats-col-300x200.jpeg 300w\" sizes=\"auto, (max-width: 600px) 100vw, 600px\"\/><\/div>\n<p class=\"c5\"><em><strong>Le mouvement de protestation des avocats contre la mise en d\u00e9tention d\u2019un avocat du barreau de Blida, s\u2019\u00e9largie et ne se limite pas uniquement \u00e0 la journ\u00e9e de gr\u00e8ve pr\u00e9vue demain au niveau nationale. De nombreux barreaux se sont joints hier \u00e0 celui de Blida, pour boycotter les activit\u00e9s de plusieurs juridictions durant toute cette semaine.<\/strong><\/em><\/p>\n<p class=\"c5\">La contestation des robes noires contre l\u2019incarc\u00e9ration, mercredi dernier,\u00a0\u00a0de leur confr\u00e8re du barreau de Blida ne s\u2019arr\u00eate plus \u00e0 la gr\u00e8ve de demain 23 f\u00e9vrier\u00a0\u00a0d\u00e9cid\u00e9e par l\u2019Unba (Union nationale des barreaux d\u2019Alg\u00e9rie).<\/p>\n<p class=\"c5\">De nombreux barreaux se sont solidaris\u00e9s avec leurs confr\u00e8res de Blida, en annon\u00e7ant un arr\u00eat de travail de protestation (de puis hier) jusqu\u2019\u00e0 la fin de la semaine en cours. Contact\u00e9, le b\u00e2tonnier de Blida, Me Abdelaziz Mejdouba, explique que <em>\u00ab\u00a0le d\u00e9brayage au niveau de sa circonscription, a commenc\u00e9 mercredi dernier lorsque la chambre d\u2019accusation, qui au lieu de statuer le jour m\u00eame sur la mise en libert\u00e9 provisoire, comme il est d\u2019usage, elle a mis en d\u00e9lib\u00e9r\u00e9 l\u2019affaire sous huitaine, provoquant la col\u00e8re des confr\u00e8res. Il est important de savoir qu\u2019au-del\u00e0 du fait, qu\u2019il s\u2019agit d\u2019une affaire priv\u00e9e,\u00a0\u00a0depuis les amendements de 2015, le code de proc\u00e9dure p\u00e9nale, stipule que le pr\u00e9venu comparait devant le juge en \u00e9tant libre, d\u2019autant qu\u2019il poss\u00e8de deux adresses, l\u2019une personnelle et l\u2019autre professionnelle, en tant qu\u2019avocat. Son maintien en d\u00e9tention est consid\u00e9r\u00e9 par les avocats comme un acharnement. A l\u2019issue d\u2019une r\u00e9union extraordinaire, tenue le jour m\u00eame, le barreau a d\u00e9cid\u00e9, en raison de cette grave d\u00e9rive, de boycotter toutes les activit\u00e9s judiciaires qui d\u00e9pendent de lui, c\u2019est-\u00e0-dire les cours de Tipaza, de Chlef, Ain Defla,\u00a0\u00a0et tous les tribunaux administratifs qui leur sont rattach\u00e9s, ainsi que le tribunal militaire et la Cour militaire, \u00e0 l\u2019exception des affaires li\u00e9es \u00e0 des d\u00e9lais, jusqu\u2019\u00e0 nouvel ordre\u00a0\u00bb<\/em>.<\/p>\n<p class=\"c5\">L\u2019avocat s\u2019est insurg\u00e9 contre les d\u00e9clarations du pr\u00e9sident du SNM (Syndicat national des magistrats) Mabrouk Issaad, et rappel\u00e9 la d\u00e9claration du barreau dont il est b\u00e2tonnier rendue publique hier. <em>\u00ab\u00a0Ces propos sont irresponsables et ne cadrent pas avec le statut de leur auteur. Entre avocats et magistrats il y a une relation profonde en partenariat, forte dans sa construction qui incarne l\u2019\u00e2me du corps (\u2026)\u00a0\u00a0le pr\u00e9sident du syndicat aurait du recourir \u00e0 des propos qui respectent les usages de l\u2019appareil judiciaire avec toutes sa composante. La solidarit\u00e9 des avocats pour la d\u00e9fense de leurs droits et leur sacrifice pour faire entendre le cri de la libert\u00e9,\u00a0\u00a0fait partie des traditions et des principes consacr\u00e9s \u00e0 travers le temps chez toutes les nations qui respectent le droit de la d\u00e9fense.\u00a0<\/em><em>Les propos du pr\u00e9sident du syndicat des magistrats constituent un d\u00e9rapage grave et in\u00e9dit qui ne cadre pas avec le poste qu\u2019il occupe et le secteur qu\u2019il repr\u00e9sente.\u00a0<\/em><em>Les qualificatifs utilis\u00e9s pour d\u00e9signer les avocats, constituent des faits punis par la loi et l\u2019organisation se r\u00e9serve le droit de prendre les mesures l\u00e9gales n\u00e9cessaires\u00a0\u00bb<\/em>, d\u00e9clare Me Mejdouba.<\/p>\n<p class=\"c5\">Pour ce qui est de la solidarit\u00e9 des avocats, il affirme que de nombreux barreaux se sont d\u00e9clar\u00e9s en gr\u00e8ve, depuis hier, pour toute la semaine, ce au del\u00e0 de la journ\u00e9e d\u2019arr\u00eat de travail, pr\u00e9vu demain au niveau national et \u00e0 laquelle a appel\u00e9 l\u2019Unba.<\/p>\n<p class=\"c5\">A ce titre, il \u00e9voque les barreaux de Bejaia de Tizi Ouzou, de Bouira, de S\u00e9tif, d\u2019Oran, de Biskra et de Ouargla. Pour le b\u00e2tonnier de Blida, <em>\u00ab\u00a0nous savons quand est-ce que nous avons commenc\u00e9, mais nous ignorons quand est-ce que ce mouvement prendra fin. Nous attendons, la d\u00e9cision de la chambre d\u2019accusation pr\u00e9vue mercredi prochain et nous prendrons la d\u00e9cision que nous jugerons opportune\u00a0\u00bb.<\/em><\/p>\n<p class=\"c5\">En tout \u00e9tat de cause, le mouvement de protestation des avocats risque de faire t\u00e2che d\u2019huile, d\u2019autant qu\u2019\u00e0 ce jour, aucune partie ou institution n\u2019a tent\u00e9 de r\u00e9soudre cette crise qui p\u00e9nalise, en premier lieu, les justiciables.<\/p>\n<p><span class=\"post-views-label\">Post Views:<\/span> <span class=\"post-views-count\">34<\/span><\/p>\n<p><br class=\"c2\"\/><\/p>\n<div class=\"ichhar-moneytagnative c6\" id=\"ichhar-1665348635\">\n<p>Advertisements<\/p>\n<\/div>\n<p><br class=\"c2\"\/><br \/>\n<br class=\"c7\"\/><\/p>\n<p>Auteur: Mohand Yahiaoui<br \/>\n<a href=\"https:\/\/www.elwatan.com\/edition\/actualite\/mouvement-de-protestation-des-robes-noires-les-avocats-en-greve-durant-une-semaine-et-dans-plusieurs-juridictions-21-02-2021\">Cliquez ici pour lire l&rsquo;article depuis sa source.<\/a><\/p>\n","protected":false},"excerpt":{"rendered":"<p>Le mouvement de protestation des avocats contre la mise en d\u00e9tention d\u2019un avocat du barreau de Blida, s\u2019\u00e9largie et ne se limite pas uniquement \u00e0 la journ\u00e9e de gr\u00e8ve pr\u00e9vue demain au niveau nationale. De nombreux barreaux se sont joints hier \u00e0 celui de Blida, pour boycotter les activit\u00e9s de plusieurs juridictions durant toute cette [&hellip;]<\/p>\n","protected":false},"author":1743,"featured_media":0,"comment_status":"closed","ping_status":"closed","sticky":false,"template":"","format":"standard","meta":{"fifu_image_url":"https:\/\/www.elwatan.com\/wp-content\/uploads\/2019\/03\/avocats-col.jpeg","fifu_image_alt":"Mouvement de protestation des robes noires : Les avocats en gr\u00e8ve durant une semaine et dans plusieurs juridictions","footnotes":""},"categories":[73,53],"tags":[],"class_list":["post-111735","post","type-post","status-publish","format-standard","hentry","category-actualite","category-algerie"],"_links":{"self":[{"href":"https:\/\/linitiative.ca\/International\/wp-json\/wp\/v2\/posts\/111735","targetHints":{"allow":["GET"]}}],"collection":[{"href":"https:\/\/linitiative.ca\/International\/wp-json\/wp\/v2\/posts"}],"about":[{"href":"https:\/\/linitiative.ca\/International\/wp-json\/wp\/v2\/types\/post"}],"author":[{"embeddable":true,"href":"https:\/\/linitiative.ca\/International\/wp-json\/wp\/v2\/users\/1743"}],"replies":[{"embeddable":true,"href":"https:\/\/linitiative.ca\/International\/wp-json\/wp\/v2\/comments?post=111735"}],"version-history":[{"count":0,"href":"https:\/\/linitiative.ca\/International\/wp-json\/wp\/v2\/posts\/111735\/revisions"}],"wp:attachment":[{"href":"https:\/\/linitiative.ca\/International\/wp-json\/wp\/v2\/media?parent=111735"}],"wp:term":[{"taxonomy":"category","embeddable":true,"href":"https:\/\/linitiative.ca\/International\/wp-json\/wp\/v2\/categories?post=111735"},{"taxonomy":"post_tag","embeddable":true,"href":"https:\/\/linitiative.ca\/International\/wp-json\/wp\/v2\/tags?post=111735"}],"curies":[{"name":"wp","href":"https:\/\/api.w.org\/{rel}","templated":true}]}}