{"id":111736,"date":"2021-02-21T15:09:12","date_gmt":"2021-02-21T20:09:12","guid":{"rendered":"https:\/\/linitiative.ca\/International\/alors-que-ses-avocats-attendaient-sa-liberation-ali-ghediri-restera-en-prison-jusqua-sa-comparution-devant-le-tribunal-criminel\/"},"modified":"2021-02-21T15:09:12","modified_gmt":"2021-02-21T20:09:12","slug":"alors-que-ses-avocats-attendaient-sa-liberation-ali-ghediri-restera-en-prison-jusqua-sa-comparution-devant-le-tribunal-criminel","status":"publish","type":"post","link":"https:\/\/linitiative.ca\/International\/alors-que-ses-avocats-attendaient-sa-liberation-ali-ghediri-restera-en-prison-jusqua-sa-comparution-devant-le-tribunal-criminel\/","title":{"rendered":"Alors que ses avocats attendaient sa lib\u00e9ration : Ali Ghediri restera en prison jusqu\u2019\u00e0 sa comparution devant le tribunal criminel"},"content":{"rendered":"<h4 class=\"title-14\"\/>\n<div class=\"featured_image\"><img loading=\"lazy\" decoding=\"async\" width=\"2048\" height=\"1536\" src=\"https:\/\/www.elwatan.com\/wp-content\/uploads\/2019\/01\/ghediri.jpg\" class=\"attachment-post-thumbnail size-post-thumbnail wp-post-image\" alt=\"Ali Ghederi\" srcset=\"https:\/\/www.elwatan.com\/wp-content\/uploads\/2019\/01\/ghediri.jpg 2048w, https:\/\/www.elwatan.com\/wp-content\/uploads\/2019\/01\/ghediri-300x225.jpg 300w, https:\/\/www.elwatan.com\/wp-content\/uploads\/2019\/01\/ghediri-768x576.jpg 768w, https:\/\/www.elwatan.com\/wp-content\/uploads\/2019\/01\/ghediri-1024x768.jpg 1024w, https:\/\/www.elwatan.com\/wp-content\/uploads\/2019\/01\/ghediri-1320x990.jpg 1320w\" sizes=\"auto, (max-width: 2048px) 100vw, 2048px\"\/><\/div>\n<p class=\"c5\"><em><strong>Coup de th\u00e9\u00e2tre \u00e0 la cour d\u2019Alger. La chambre d\u2019accusation a d\u00e9cid\u00e9 de renvoyer l\u2019affaire du g\u00e9n\u00e9ral \u00e0 la retraite Ali Ghediri, devant le criminel de premi\u00e8re instance. De ce fait, il devra rester en d\u00e9tention jusqu\u2019\u00e0 ce qu\u2019\u00e0 ce qu\u2019il soit jug\u00e9.<\/strong><\/em><\/p>\n<p class=\"c5\">Alors que ses avocats s\u2019attentaient \u00e0 le voir en libert\u00e9, apr\u00e8s plus de 22 mois de d\u00e9tention, le g\u00e9n\u00e9ral \u00e0 la retraite Ali Ghediri, candidat aux \u00e9lections pr\u00e9sidentielles annul\u00e9es, d\u2019avril 2019 n\u2019a pas quitt\u00e9 la prison. La chambre d\u2019accusation pr\u00e9s la cour d\u2019Alger, a d\u00e9cid\u00e9 de renvoyer son affaire devant le tribunal criminel de premi\u00e8re instance pour un proc\u00e8s pour statuer sur son cas.<\/p>\n<p class=\"c5\">En attendant, Ali Ghediri, restera en d\u00e9tention. Une \u00ab\u00a0surprise\u00a0\u00bb pour ses avocats qui, tr\u00e8s optimistes\u00a0\u00bb de la d\u00e9cision de la cour supr\u00eame de consid\u00e9rer que\u00a0<em>\u00a0\u00ab\u00a0les magistrats de la chambre d\u2019accusation se sont \u00e9rig\u00e9s en juge du si\u00e8ge,\u00a0en consid\u00e9rant les faits \u00e9tablis et de renvoyer l\u2019affaire devant la m\u00eame juridiction, autrement compos\u00e9e\u00a0\u00bb<\/em>.<\/p>\n<p class=\"c5\">Pour eux, <em>\u00ab lib\u00e9ration de l\u2019accus\u00e9 \u00e9tait imminente dans la mesure o\u00f9 les chefs d\u2019accusation venaient d\u2019\u00eatre annul\u00e9s par la plus haute juridiction. Ce dossier a connu plusieurs surprises. D\u2019abord dans le d\u00e9lai de deux semaines pour sa programmation pour examen, puis de deux autres semaines pour le d\u00e9lib\u00e9r\u00e9 suscitant la col\u00e8re des avocats.<\/em><\/p>\n<p class=\"c5\">Contact\u00e9, Aouicha Bakhti, se d\u00e9clare d\u00e9\u00e7ue<em>. \u00abNous nous attendions \u00e0 un non lieu \u00e9vident au\u00a0\u00a0regard du contenu de l\u2019arr\u00eat de la cour supr\u00eame. Cela n\u2019a pas eu lieu. Mieux encore, Ghediri est maintenu en d\u00e9tention et son affaire renvoy\u00e9e devant le tribunal criminel de premi\u00e8re instance pour un proc\u00e8s. Il doit donc attendre, jusqu\u2019\u00e0 la tenue de ce dernier\u00a0\u00bb<\/em> nous dit-elle.<\/p>\n<p class=\"c5\">Il faut dire que l\u2019ex-candidat \u00e0 l\u2019\u00e9lection pr\u00e9sidentielle n\u2019a cess\u00e9 de clamer son \u00ab\u00a0innocence\u00a0\u00bb depuis sa mise sous mandat de d\u00e9p\u00f4t, le 13 juin 2019.<\/p>\n<p class=\"c5\">Il a exprim\u00e9 cette position par son refus de compara\u00eetre pour \u00ab\u00a0un acte criminel\u00a0\u00bb, avant de se lancer dans une gr\u00e8ve de la faim dans le but de d\u00e9noncer son incarc\u00e9ration. Contamin\u00e9, en prison par la Covid-19, il met un terme \u00e0 cette action de protestation, sur conseil des m\u00e9decins.<\/p>\n<p class=\"c5\">Les nombreuses demandes de sa mise en libert\u00e9 provisoire,\u00a0\u00a0introduites par ses avocats, aupr\u00e8s de la chambre d\u2019accusation ont essuy\u00e9 un rejet.\u00a0Pour eux,\u00a0\u00a0Ali Ghediri fait l\u2019objet d\u2019<em>\u00abune d\u00e9tention injuste\u00bb<\/em>, et pr\u00e9cisent qu\u2019elle est \u00ab\u00a0devenue arbitraire\u00a0\u00bb depuis, le renvoi de son dossier par la cour supr\u00eame vers la chambre d\u2019accusation. Aujourd\u2019hui encore, la chambre d\u2019accusation l\u2019a maintenu en d\u00e9tention.<\/p>\n<p class=\"c5\">Rappelons qu\u2019apr\u00e8s l\u2019abandon par la m\u00eame juridiction, de l\u2019accusation de <em>\u00ab\u00a0remise documents et d\u2019information \u00e0 des \u00e9trangers\u00bb<\/em>, Ali Ghediri, s\u2019est pourvu en cassation devant la cour supr\u00eame, contre l\u2019unique grief, pour lequel il est poursuivi, \u00e0 savoir\u00a0: <em>\u00ab\u00a0participation \u00e0 une entreprise de d\u00e9moralisation de l\u2019Arm\u00e9e\u00a0\u00bb<\/em>, en expliquant\u00a0\u00a0qu\u2019il n\u2019a \u00ab\u00a0jamais port\u00e9 atteinte\u00a0\u00bb \u00e0 cette institution dont il est l\u2019enfant et clam\u00e9 donc son innocence.<\/p>\n<p class=\"c5\">La cour supr\u00eame a cass\u00e9 cette d\u00e9cision et renvoy\u00e9 l\u2019affaire devant la m\u00eame juridiction autrement compos\u00e9e, arguant du fait que les magistrats <em>\u00ab\u00a0se sont \u00e9rig\u00e9s en juges de si\u00e8ge en consid\u00e9rants les faits reproch\u00e9s comme \u00e9tablis\u00a0\u00bb<\/em>.<\/p>\n<p class=\"c5\">Pour bon nombre d\u2019avocats, et en raison de l\u2019ambiance euphorique li\u00e9e aux d\u00e9cisions de mise en libert\u00e9 des d\u00e9tenus d\u2019opinion et des militants du hirak, s\u2019attendaient \u00e0 la fin de la d\u00e9tention de Ali Ghediri. A la surprise g\u00e9n\u00e9rale, ce dernier restera encore longtemps en prison avant\u00a0que son proc\u00e8s ne soit programm\u00e9.<\/p>\n<p><span class=\"post-views-label\">Post Views:<\/span> <span class=\"post-views-count\">179<\/span><\/p>\n<p><br class=\"c2\"\/><\/p>\n<div class=\"ichhar-moneytagnative c6\" id=\"ichhar-1303749329\">\n<p>Advertisements<\/p>\n<\/div>\n<p><br class=\"c2\"\/><br \/>\n<br class=\"c7\"\/><\/p>\n<p>Auteur: Mohand Yahiaoui<br \/>\n<a href=\"https:\/\/www.elwatan.com\/edition\/actualite\/alors-que-ses-avocats-attendaient-sa-liberation-ali-ghediri-restera-en-prison-jusqua-sa-comparution-devant-le-tribunal-criminel-21-02-2021\">Cliquez ici pour lire l&rsquo;article depuis sa source.<\/a><\/p>\n","protected":false},"excerpt":{"rendered":"<p>Coup de th\u00e9\u00e2tre \u00e0 la cour d\u2019Alger. La chambre d\u2019accusation a d\u00e9cid\u00e9 de renvoyer l\u2019affaire du g\u00e9n\u00e9ral \u00e0 la retraite Ali Ghediri, devant le criminel de premi\u00e8re instance. De ce fait, il devra rester en d\u00e9tention jusqu\u2019\u00e0 ce qu\u2019\u00e0 ce qu\u2019il soit jug\u00e9. Alors que ses avocats s\u2019attentaient \u00e0 le voir en libert\u00e9, apr\u00e8s plus [&hellip;]<\/p>\n","protected":false},"author":1743,"featured_media":0,"comment_status":"closed","ping_status":"closed","sticky":false,"template":"","format":"standard","meta":{"fifu_image_url":"https:\/\/www.elwatan.com\/wp-content\/uploads\/2019\/01\/ghediri.jpg","fifu_image_alt":"Alors que ses avocats attendaient sa lib\u00e9ration : Ali Ghediri restera en prison jusqu\u2019\u00e0 sa comparution devant le tribunal criminel","footnotes":""},"categories":[73,53],"tags":[],"class_list":["post-111736","post","type-post","status-publish","format-standard","hentry","category-actualite","category-algerie"],"_links":{"self":[{"href":"https:\/\/linitiative.ca\/International\/wp-json\/wp\/v2\/posts\/111736","targetHints":{"allow":["GET"]}}],"collection":[{"href":"https:\/\/linitiative.ca\/International\/wp-json\/wp\/v2\/posts"}],"about":[{"href":"https:\/\/linitiative.ca\/International\/wp-json\/wp\/v2\/types\/post"}],"author":[{"embeddable":true,"href":"https:\/\/linitiative.ca\/International\/wp-json\/wp\/v2\/users\/1743"}],"replies":[{"embeddable":true,"href":"https:\/\/linitiative.ca\/International\/wp-json\/wp\/v2\/comments?post=111736"}],"version-history":[{"count":0,"href":"https:\/\/linitiative.ca\/International\/wp-json\/wp\/v2\/posts\/111736\/revisions"}],"wp:attachment":[{"href":"https:\/\/linitiative.ca\/International\/wp-json\/wp\/v2\/media?parent=111736"}],"wp:term":[{"taxonomy":"category","embeddable":true,"href":"https:\/\/linitiative.ca\/International\/wp-json\/wp\/v2\/categories?post=111736"},{"taxonomy":"post_tag","embeddable":true,"href":"https:\/\/linitiative.ca\/International\/wp-json\/wp\/v2\/tags?post=111736"}],"curies":[{"name":"wp","href":"https:\/\/api.w.org\/{rel}","templated":true}]}}