{"id":111738,"date":"2021-02-21T06:00:00","date_gmt":"2021-02-21T11:00:00","guid":{"rendered":"https:\/\/linitiative.ca\/International\/mohamed-triki-chef-scout-et-gouverneur-de-bourguiba\/"},"modified":"2021-02-21T06:00:00","modified_gmt":"2021-02-21T11:00:00","slug":"mohamed-triki-chef-scout-et-gouverneur-de-bourguiba","status":"publish","type":"post","link":"https:\/\/linitiative.ca\/International\/mohamed-triki-chef-scout-et-gouverneur-de-bourguiba\/","title":{"rendered":"Mohamed Triki: Chef scout et gouverneur de Bourguiba"},"content":{"rendered":"<p>Comment se forge le caract\u00e8re d\u2019un gouverneur sous Bourguiba et r\u00e9ussir dans les r\u00e9gions des plus sensibles au cours de p\u00e9riodes tr\u00e8s difficiles. Mohamed Triki, 90 ans, nous en livre la recette. Dans ses m\u00e9moires intitul\u00e9es L\u2019ultime bataille (Editions Nirvana), il revient sur son parcours personnel, avec une mont\u00e9e en puissance, \u00e0 l\u2019aube de l\u2019ind\u00e9pendance, dans ce qu\u2019il a appel\u00e9 en sous-titre : \u00abL\u2019ind\u00e9pendance, l\u2019\u00e9dification de l\u2019Etat moderne et la restitution de la souverainet\u00e9 au peuple.\u00bb<\/p>\n<p>Sur pr\u00e8s de 700 pages, \u00e9crites en arabe dans une langue soign\u00e9e, Triki retrace d\u2019abord son enfance \u00e0 Sfax pendant la Seconde Guerre mondiale, dans un moule fondateur, le scoutisme et le patriotisme. Les deux g\u00e8nes fa\u00e7onnent la personnalit\u00e9 de toute une g\u00e9n\u00e9ration de Tunisiens que Bourguiba saura rallier au N\u00e9o-Destour et en faire son fer de lance. Scout un jour, scout toujours, Mohamed Triki fera des pr\u00e9ceptes de Robert Baden-Powell, le fondateur du mouvement, une r\u00e8gle de vie, assaisonn\u00e9e au nationalisme tunisien. Il ne cessera de l\u2019incarner, ce qui lui servira dans sa carri\u00e8re politique, et sera port\u00e9 commissaire g\u00e9n\u00e9ral des scouts.<\/p>\n<p class=\"c2\"><img decoding=\"async\" src=\"\/uploads\/FCK_files\/L'ultime-bataille-moy-1.jpg\" alt=\"\" width=\"100%\" vspace=\"5\" hspace=\"5\" align=\"middle\"\/><\/p>\n<p>Jeune \u00e9tudiant ze\u00eftounien, engag\u00e9 au sein de l\u2019Uget et entamant une carri\u00e8re d\u2019enseignant, il sera appel\u00e9 par Mongi Slim, \u00e0 peine nomm\u00e9 alors ministre de l\u2019Int\u00e9rieur dans le gouvernement des n\u00e9gociations avec la France, pour s\u2019occuper des militants. Ta\u00efeb Mehiri, qui lui succ\u00e9dera en avril 1956 et aura la lourde charge de tunisifier les services ainsi que la police et cr\u00e9er la garde nationale, reconduira Triki et l\u2019ins\u00e8rera parmi le premier noyau de l\u2019administration r\u00e9gionale. Le pied \u00e0 l\u2019\u00e9trier, il est envoy\u00e9 en 1960 au Kef en qualit\u00e9 de d\u00e9l\u00e9gu\u00e9. La guerre d\u2019Alg\u00e9rie se jouait aussi \u00e0 partir de l\u2019arri\u00e8re-pays tunisien o\u00f9 le FLN avait install\u00e9 son QG op\u00e9rationnel. Le tout jeune d\u00e9l\u00e9gu\u00e9 qui sera promu gouverneur devait alors \u00e9puiser son g\u00e9nie \u00e0 g\u00e9rer la situation, attentivement suivi par Bourguiba qui lui rendait souvent visite.<\/p>\n<p><span class=\"c3\"><strong>En mission d\u00e9licate<\/strong><\/span><\/p>\n<p>Ayant gagn\u00e9 ses galons, Triki fera la tourn\u00e9e des r\u00e9gions frontali\u00e8res, nomm\u00e9 successivement gouverneur \u00e0 Kasserine, puis Gafsa, qui s\u2019\u00e9tendait de Sidi Bouzid au Dj\u00e9rid. L\u2019Alg\u00e9rie avait conquis son ind\u00e9pendance et la Tunisie exp\u00e9rimentait le socialisme destourien, avec son nouveau syst\u00e8me de collectivisation et de coop\u00e9ratives. Le r\u00f4le du gouverneur, tr\u00e8s d\u00e9licat, sera important.<\/p>\n<p>Mohamed Triki s\u2019en sortira \u00e0 moindres frais, mais devra, avec l\u2019arriv\u00e9 de H\u00e9di Nouira, quitter la Fonction publique en 1972 et prendre sa retraite administrative \u00e0 l\u2019\u00e2ge de 47 ans. Sans jamais partir d\u00e9finitivement en fait. Le voil\u00e0 de nouveau rappel\u00e9 \u00e0 diverses autres fonctions officielles, puis \u00e0 la t\u00eate des scouts.<\/p>\n<p class=\"c2\"><img decoding=\"async\" src=\"\/uploads\/FCK_files\/L'ultime-bataille-moy-2.jpg\" alt=\"\" width=\"100%\" vspace=\"5\" hspace=\"5\" align=\"middle\"\/><\/p>\n<p>C\u2019est ce r\u00e9cit passionnant d\u2019une vie intense que nous livre l\u2019auteur. Un t\u00e9moignage de premi\u00e8re main sur le fonctionnement de l\u2019administration r\u00e9gionale sous Bourguiba et, dans une perspective plus large, les rouages de l\u2019Etat durant pr\u00e8s de 40 ans. Les photos publi\u00e9es en illustration viennent en compl\u00e9ment utile.<\/p>\n<p><span class=\"c4\"><strong>L\u2019ultime bataille<\/strong><\/span><br \/><strong>de Mohamed Triki<br \/>Editions Nirvana, janvier 2021, 698 pages<\/strong><\/p>\n<p>Auteur:<br \/>\n<a href=\"https:\/\/www.leaders.com.tn\/article\/31463-mohamed-triki-chef-scout-et-gouverneur-de-bourguiba\">Cliquez ici pour lire l&rsquo;article depuis sa source.<\/a><\/p>\n","protected":false},"excerpt":{"rendered":"<p>Comment se forge le caract\u00e8re d\u2019un gouverneur sous Bourguiba et r\u00e9ussir dans les r\u00e9gions des plus sensibles au cours de p\u00e9riodes tr\u00e8s difficiles. Mohamed Triki, 90 ans, nous en livre la recette. Dans ses m\u00e9moires intitul\u00e9es L\u2019ultime bataille (Editions Nirvana), il revient sur son parcours personnel, avec une mont\u00e9e en puissance, \u00e0 l\u2019aube de l\u2019ind\u00e9pendance, [&hellip;]<\/p>\n","protected":false},"author":1772,"featured_media":0,"comment_status":"closed","ping_status":"closed","sticky":false,"template":"","format":"standard","meta":{"fifu_image_url":"\/uploads\/FCK_files\/L","fifu_image_alt":"Mohamed Triki: Chef scout et gouverneur de Bourguiba","footnotes":""},"categories":[73,55],"tags":[],"class_list":["post-111738","post","type-post","status-publish","format-standard","hentry","category-actualite","category-tunisie"],"_links":{"self":[{"href":"https:\/\/linitiative.ca\/International\/wp-json\/wp\/v2\/posts\/111738","targetHints":{"allow":["GET"]}}],"collection":[{"href":"https:\/\/linitiative.ca\/International\/wp-json\/wp\/v2\/posts"}],"about":[{"href":"https:\/\/linitiative.ca\/International\/wp-json\/wp\/v2\/types\/post"}],"author":[{"embeddable":true,"href":"https:\/\/linitiative.ca\/International\/wp-json\/wp\/v2\/users\/1772"}],"replies":[{"embeddable":true,"href":"https:\/\/linitiative.ca\/International\/wp-json\/wp\/v2\/comments?post=111738"}],"version-history":[{"count":0,"href":"https:\/\/linitiative.ca\/International\/wp-json\/wp\/v2\/posts\/111738\/revisions"}],"wp:attachment":[{"href":"https:\/\/linitiative.ca\/International\/wp-json\/wp\/v2\/media?parent=111738"}],"wp:term":[{"taxonomy":"category","embeddable":true,"href":"https:\/\/linitiative.ca\/International\/wp-json\/wp\/v2\/categories?post=111738"},{"taxonomy":"post_tag","embeddable":true,"href":"https:\/\/linitiative.ca\/International\/wp-json\/wp\/v2\/tags?post=111738"}],"curies":[{"name":"wp","href":"https:\/\/api.w.org\/{rel}","templated":true}]}}