{"id":111741,"date":"2021-02-21T05:00:00","date_gmt":"2021-02-21T10:00:00","guid":{"rendered":"https:\/\/linitiative.ca\/International\/recul\/"},"modified":"2021-02-21T05:00:00","modified_gmt":"2021-02-21T10:00:00","slug":"recul","status":"publish","type":"post","link":"https:\/\/linitiative.ca\/International\/recul\/","title":{"rendered":"Recul"},"content":{"rendered":"<p class=\"c2\">Le minist\u00e8re de l&rsquo;Enseignement sup\u00e9rieur fait marche arri\u00e8re. Apr\u00e8s avoir pris la d\u00e9cision d&rsquo;orienter les dipl\u00f4m\u00e9s d\u00e9sireux de s\u2019inscrire pour un second cursus vers l&rsquo;UFC, le minist\u00e8re a, dans une nouvelle instruction, fait savoir que cette d\u00e9cision avait \u00e9t\u00e9 ajourn\u00e9e en attendant qu&rsquo;un arr\u00eat\u00e9 minist\u00e9riel tranche les modalit\u00e9s permettant d&rsquo;obtenir deux dipl\u00f4mes universitaires. Une d\u00e9cision accueillie avec satisfaction par les concern\u00e9s qui avaient vivement r\u00e9agi \u00e0 la premi\u00e8re note.<\/p>\n<p>Auteur:<br \/>\n<a href=\"https:\/\/www.lesoirdalgerie.com\/periscoop\/recul-56687\">Cliquez ici pour lire l&rsquo;article depuis sa source.<\/a><\/p>\n","protected":false},"excerpt":{"rendered":"<p>Le minist\u00e8re de l&rsquo;Enseignement sup\u00e9rieur fait marche arri\u00e8re. Apr\u00e8s avoir pris la d\u00e9cision d&rsquo;orienter les dipl\u00f4m\u00e9s d\u00e9sireux de s\u2019inscrire pour un second cursus vers l&rsquo;UFC, le minist\u00e8re a, dans une nouvelle instruction, fait savoir que cette d\u00e9cision avait \u00e9t\u00e9 ajourn\u00e9e en attendant qu&rsquo;un arr\u00eat\u00e9 minist\u00e9riel tranche les modalit\u00e9s permettant d&rsquo;obtenir deux dipl\u00f4mes universitaires. Une d\u00e9cision [&hellip;]<\/p>\n","protected":false},"author":1741,"featured_media":0,"comment_status":"closed","ping_status":"closed","sticky":false,"template":"","format":"standard","meta":{"fifu_image_url":"","fifu_image_alt":"","footnotes":""},"categories":[73,53],"tags":[],"class_list":["post-111741","post","type-post","status-publish","format-standard","hentry","category-actualite","category-algerie"],"_links":{"self":[{"href":"https:\/\/linitiative.ca\/International\/wp-json\/wp\/v2\/posts\/111741","targetHints":{"allow":["GET"]}}],"collection":[{"href":"https:\/\/linitiative.ca\/International\/wp-json\/wp\/v2\/posts"}],"about":[{"href":"https:\/\/linitiative.ca\/International\/wp-json\/wp\/v2\/types\/post"}],"author":[{"embeddable":true,"href":"https:\/\/linitiative.ca\/International\/wp-json\/wp\/v2\/users\/1741"}],"replies":[{"embeddable":true,"href":"https:\/\/linitiative.ca\/International\/wp-json\/wp\/v2\/comments?post=111741"}],"version-history":[{"count":0,"href":"https:\/\/linitiative.ca\/International\/wp-json\/wp\/v2\/posts\/111741\/revisions"}],"wp:attachment":[{"href":"https:\/\/linitiative.ca\/International\/wp-json\/wp\/v2\/media?parent=111741"}],"wp:term":[{"taxonomy":"category","embeddable":true,"href":"https:\/\/linitiative.ca\/International\/wp-json\/wp\/v2\/categories?post=111741"},{"taxonomy":"post_tag","embeddable":true,"href":"https:\/\/linitiative.ca\/International\/wp-json\/wp\/v2\/tags?post=111741"}],"curies":[{"name":"wp","href":"https:\/\/api.w.org\/{rel}","templated":true}]}}